{"id":1023,"date":"2022-03-20T09:49:28","date_gmt":"2022-03-20T08:49:28","guid":{"rendered":"https:\/\/albert.przemyska.pl\/?p=1023"},"modified":"2022-03-20T09:49:28","modified_gmt":"2022-03-20T08:49:28","slug":"3-niedziela-wielkiego-postu-20-03-2022","status":"publish","type":"post","link":"https:\/\/albert.przemyska.pl\/?p=1023","title":{"rendered":"3 NIEDZIELA WIELKIEGO POSTU 20.03.2022."},"content":{"rendered":"\n<p class=\"has-vivid-purple-color has-text-color\" style=\"text-transform:uppercase\"><strong>OG\u0141OSZENIA DUSZPASTERSKIE<\/strong><\/p>\n\n\n\n<p><strong>1.<\/strong> Po Mszy \u015bw. o godz. 15.30 <strong>adoracja Naj\u015bwi\u0119tszego Sakramentu<\/strong>. O godz. <strong>17.00<\/strong> zapraszamy na <strong>nabo\u017ce\u0144stwo GORZKICH \u017bALI<\/strong> z kazaniem pasyjnym.<\/p>\n\n\n\n<p><strong>2.<\/strong> W tym tygodniu zapraszamy na <strong>spotkania w ramach przygotowania do bierzmowania<\/strong> na <strong>godz. 18.00 na Msz\u0119 \u015bw<\/strong>. i katechez\u0119 formacyjn\u0105. We wtorek \u2013 klasy VI, w \u015brod\u0119 \u2013 klasy VII i w czwartek \u2013 klasy VIII.<\/p>\n\n\n\n<p><strong>3.<\/strong> Za po\u015brednictwem <strong>Przemyskiej CARITAS<\/strong> gor\u0105co zach\u0119camy do ja\u0142mu\u017cny wielkopostnej przeznaczonej w tym roku na wsparcie hospicj\u00f3w dla os\u00f3b starszych. Przy filarach wy\u0142o\u017cone s\u0105 skarbonki. S\u0105 ju\u017c tak\u017ce wielkanocne <strong>paschaliki [10 z\u0142<\/strong>.].<\/p>\n\n\n\n<p><strong>4.<\/strong> W pi\u0105tek <strong>uroczysto\u015b\u0107 Zwiastowania Pa\u0144skiego<\/strong>. Jest to Dzie\u0144 \u015bwi\u0119to\u015bci \u017bycia, dlatego modlimy si\u0119 o poszanowanie \u017cycia cz\u0142owieka od pocz\u0119cia do jego naturalnej \u015bmierci. Zach\u0119camy tak\u017ce do podj\u0119cia modlitwy Duchowej Adopcji Dziecka Pocz\u0119tego. Z racji uroczysto\u015bci w pi\u0105tek nie obowi\u0105zuje wstrzemi\u0119\u017aliwo\u015b\u0107 od pokarm\u00f3w mi\u0119snych.<\/p>\n\n\n\n<p><strong>5.<\/strong> W pi\u0105tek <strong>DROGA KRZY\u017bOWA<\/strong> dla dzieci szkolnych o<strong> godz. 16.30<\/strong>; dla doros\u0142ych o <strong>godz. 17.30<\/strong> i o <strong>godz. 19.30<\/strong> dla m\u0142odzie\u017cy i pracuj\u0105cych.<\/p>\n\n\n\n<p>W pi\u0105tki Wielkiego Postu za odm\u00f3wienie po Komunii \u015bw. przed Ukrzy\u017cowanym modlitwy <strong><em>Oto ja, dobry i najs\u0142odszy Jezu\u2026<\/em><\/strong> mo\u017cna zyska\u0107 odpust zupe\u0142ny.<\/p>\n\n\n\n<p><strong>6<\/strong>. Rozpocz\u0119\u0142y si\u0119 ju\u017c zapisy na <strong>SPOTKANIE M\u0141ODYCH<\/strong>, kt\u00f3re odb\u0119dzie si\u0119 w tym roku w Jaros\u0142awiu w sobot\u0119 przed Niedziel\u0105 Mi\u0142osierdzia. Zaproszenie kierujemy do m\u0142odzie\u017cy pocz\u0105wszy od klasy VII. Grupowy wyjazd jest organizowany ramach dekanatu. Ch\u0119tnych prosimy o zapisy w zakrystii. Gor\u0105co zach\u0119camy m\u0142odzie\u017c.<\/p>\n\n\n\n<p><strong>7.<\/strong> Zach\u0119camy do wytrwa\u0142ej i ufnej modlitwy, prosz\u0105c Boga o zaprzestanie wojny i przemocy oraz b\u0142agaj\u0105c o dar upragnionego pokoju. W naszym ko\u015bciele w ci\u0105gu tygodnia <strong>od godz. 17.00<\/strong> adoracja Naj\u015bwi\u0119tszego Sakramentu w tych intencjach.<\/p>\n\n\n\n<p><strong>8.<\/strong> Dzi\u0119kujemy parafianom z <strong>II klatki bloku nr 1<\/strong> przy ul. Rogozi\u0144skiego za ofiary na sprz\u0105tanie \u015bwi\u0105tyni. Teraz prosimy o ofiary parafian z <strong>klatki III bloku nr 1<\/strong><\/p>\n\n\n\n<p><strong>9.<\/strong> <strong>Za tydzie\u0144 w nocy z soboty na niedziel\u0119 zmiana czasu na letni<\/strong>. Zapraszamy do lektury prasy katolickiej. S\u0105 jeszcze specjalne numery Go\u015bcia Niedzielnego po\u015bwi\u0119cone w ca\u0142o\u015bci <strong>\u015bw. ojcu Pio<\/strong> [w cenie 10z\u0142]. Zach\u0119camy wszystkich do gorliwego prze\u017cywania Wielkiego Postu poprzez modlitw\u0119, post i ja\u0142mu\u017cn\u0119. Przez or\u0119downictwo Matki Bo\u017cej b\u0142agajmy o dar pokoju \u2013 <strong><em>Pod Twoj\u0105 obron\u0119\u2026<\/em><\/strong><\/p>\n","protected":false},"excerpt":{"rendered":"<p>OG\u0141OSZENIA DUSZPASTERSKIE 1. Po Mszy \u015bw. o godz. 15.30 adoracja Naj\u015bwi\u0119tszego Sakramentu. O godz. 17.00 zapraszamy na nabo\u017ce\u0144stwo GORZKICH \u017bALI z kazaniem pasyjnym. 2. W tym tygodniu zapraszamy na spotkania w ramach przygotowania do bierzmowania na godz. 18.00 na Msz\u0119 \u015bw. i katechez\u0119 formacyjn\u0105. We wtorek \u2013 klasy VI, w \u015brod\u0119 \u2013 klasy VII i &hellip; <\/p>\n<p class=\"link-more\"><a href=\"https:\/\/albert.przemyska.pl\/?p=1023\" class=\"more-link\">Czytaj dalej<span class=\"screen-reader-text\"> \u201e3 NIEDZIELA WIELKIEGO POSTU 20.03.2022.\u201d<\/span><\/a><\/p>\n","protected":false},"author":1,"featured_media":1024,"comment_status":"closed","ping_status":"closed","sticky":false,"template":"","format":"standard","meta":{"footnotes":""},"categories":[3],"tags":[],"class_list":["post-1023","post","type-post","status-publish","format-standard","has-post-thumbnail","hentry","category-ogloszenia"],"_links":{"self":[{"href":"https:\/\/albert.przemyska.pl\/index.php?rest_route=\/wp\/v2\/posts\/1023","targetHints":{"allow":["GET"]}}],"collection":[{"href":"https:\/\/albert.przemyska.pl\/index.php?rest_route=\/wp\/v2\/posts"}],"about":[{"href":"https:\/\/albert.przemyska.pl\/index.php?rest_route=\/wp\/v2\/types\/post"}],"author":[{"embeddable":true,"href":"https:\/\/albert.przemyska.pl\/index.php?rest_route=\/wp\/v2\/users\/1"}],"replies":[{"embeddable":true,"href":"https:\/\/albert.przemyska.pl\/index.php?rest_route=%2Fwp%2Fv2%2Fcomments&post=1023"}],"version-history":[{"count":1,"href":"https:\/\/albert.przemyska.pl\/index.php?rest_route=\/wp\/v2\/posts\/1023\/revisions"}],"predecessor-version":[{"id":1025,"href":"https:\/\/albert.przemyska.pl\/index.php?rest_route=\/wp\/v2\/posts\/1023\/revisions\/1025"}],"wp:featuredmedia":[{"embeddable":true,"href":"https:\/\/albert.przemyska.pl\/index.php?rest_route=\/wp\/v2\/media\/1024"}],"wp:attachment":[{"href":"https:\/\/albert.przemyska.pl\/index.php?rest_route=%2Fwp%2Fv2%2Fmedia&parent=1023"}],"wp:term":[{"taxonomy":"category","embeddable":true,"href":"https:\/\/albert.przemyska.pl\/index.php?rest_route=%2Fwp%2Fv2%2Fcategories&post=1023"},{"taxonomy":"post_tag","embeddable":true,"href":"https:\/\/albert.przemyska.pl\/index.php?rest_route=%2Fwp%2Fv2%2Ftags&post=1023"}],"curies":[{"name":"wp","href":"https:\/\/api.w.org\/{rel}","templated":true}]}}