{"id":2031,"date":"2025-05-27T10:15:28","date_gmt":"2025-05-27T08:15:28","guid":{"rendered":"https:\/\/albert.przemyska.pl\/?p=2031"},"modified":"2025-05-27T10:15:28","modified_gmt":"2025-05-27T08:15:28","slug":"ogloszenia-duszpasterskie-34","status":"publish","type":"post","link":"https:\/\/albert.przemyska.pl\/?p=2031","title":{"rendered":"OG\u0141OSZENIA DUSZPASTERSKIE"},"content":{"rendered":"<p><strong>VI NIEDZIELA WIELKANOCY<\/strong><\/p>\n<ol>\n<li>Dzi\u015b o godz. <strong>17:30<\/strong> Nabo\u017ce\u0144stwo majowe. Przypominamy, \u017ce <strong>nabo\u017ce\u0144stwa majowe <\/strong>w\u00a0naszym ko\u015bciele sprawujemy codziennie <strong>o godz. 17:30<\/strong><\/li>\n<li>W poniedzia\u0142ek, wtorek i \u015brod\u0119 przypadaj\u0105 dni modlitw o urodzaje (dni krzy\u017cowe)<\/li>\n<li><strong>Poniedzia\u0142ek<\/strong> \u2013 po Mszy \u015bw. zapraszamy na spotkanie <strong>\u201eMatki w modlitwie\u201d<\/strong><\/li>\n<li><strong>\u015aroda<\/strong> &#8211; Nowenna do M.B. Nieustaj\u0105cej Pomocy.<\/li>\n<li><strong>Czwartek<\/strong> &#8211; zapraszamy na <strong>Nowenn\u0119 do \u015bw. Brata Alberta.<\/strong><\/li>\n<li><strong>Pi\u0105tek<\/strong> <strong>od<\/strong> <strong>godz. 17:00<\/strong> w<strong>ystawienie Naj\u015bwi\u0119tszego Sakramentu<\/strong> <strong>i mo\u017cliwo\u015b\u0107 spowiedzi \u015bw. Pocz\u0105tek nowenny przed Uroczysto\u015bci\u0105 Zes\u0142ania Ducha \u015awi\u0119tego.<\/strong><\/li>\n<li><strong> Sobota \u2013 zako\u0144czenie nabo\u017ce\u0144stw majowych. W przysz\u0142\u0105 niedziel\u0119 o godz. 17:30 nabo\u017ce\u0144stw ku czci NSPJ i zmiana tajemnic r\u00f3\u017ca\u0144cowych. <\/strong><\/li>\n<li>Rodziny, kt\u00f3re jeszcze nie przyjmowa\u0142y obrazu Serca Pana Jezusa, zach\u0119camy, by przyj\u0119\u0142y ten znak Bo\u017cej mi\u0142o\u015bci do swojej rodziny. Miesi\u0105c czerwiec b\u0119dzie ostatnim miesi\u0105cem peregrynacji obrazu <strong>Naj\u015bwi\u0119tszego Serca Pana Jezusa.<\/strong> W zakrystii mo\u017cna si\u0119 zapisa\u0107 na konkretny termin.<\/li>\n<li>Zach\u0119camy do udzia\u0142u w zapowiadanej parafialnej pielgrzymce z okazji roku Jubileuszowego do Kalwarii Pac\u0142awskiej w dniu <strong>21 czerwca<\/strong> (sobota). W zakrystii mo\u017cna si\u0119 zapisa\u0107 na pielgrzymowanie piesze czy te\u017c autokarowe.<\/li>\n<li><strong>Dzi\u0119kujemy<\/strong> <strong>Rodzinom z dom\u00f3w przy ul. Focha 1\/2, <\/strong>za ofiary na sprz\u0105tanie ko\u015bcio\u0142a. W przysz\u0142\u0105 niedziel\u0119 <strong>o pomoc prosimy Rodziny mieszkaj\u0105ce przy ul. Focha 1\/3. <\/strong>Dzi\u0119kujemy r\u00f3wnie\u017c za wszelkie ofiary sk\u0142adane na tac\u0119, wp\u0142acane na konto parafii oraz na nowy konfesjona\u0142. <strong>B\u00f3g zap\u0142a\u0107!.<\/strong><\/li>\n<\/ol>\n<p>Dzi\u0119kuj\u0119 za pomoc w pracach przy naszym ko\u015bciele. B\u00f3g zap\u0142a\u0107.<\/p>\n","protected":false},"excerpt":{"rendered":"<p>VI NIEDZIELA WIELKANOCY Dzi\u015b o godz. 17:30 Nabo\u017ce\u0144stwo majowe. Przypominamy, \u017ce nabo\u017ce\u0144stwa majowe w\u00a0naszym ko\u015bciele sprawujemy codziennie o godz. 17:30 W poniedzia\u0142ek, wtorek i \u015brod\u0119 przypadaj\u0105 dni modlitw o urodzaje (dni krzy\u017cowe) Poniedzia\u0142ek \u2013 po Mszy \u015bw. zapraszamy na spotkanie \u201eMatki w modlitwie\u201d \u015aroda &#8211; Nowenna do M.B. Nieustaj\u0105cej Pomocy. Czwartek &#8211; zapraszamy na Nowenn\u0119 &hellip; <\/p>\n<p class=\"link-more\"><a href=\"https:\/\/albert.przemyska.pl\/?p=2031\" class=\"more-link\">Czytaj dalej<span class=\"screen-reader-text\"> \u201eOG\u0141OSZENIA DUSZPASTERSKIE\u201d<\/span><\/a><\/p>\n","protected":false},"author":2,"featured_media":2032,"comment_status":"closed","ping_status":"closed","sticky":false,"template":"","format":"standard","meta":{"footnotes":""},"categories":[3],"tags":[],"class_list":["post-2031","post","type-post","status-publish","format-standard","has-post-thumbnail","hentry","category-ogloszenia"],"_links":{"self":[{"href":"https:\/\/albert.przemyska.pl\/index.php?rest_route=\/wp\/v2\/posts\/2031","targetHints":{"allow":["GET"]}}],"collection":[{"href":"https:\/\/albert.przemyska.pl\/index.php?rest_route=\/wp\/v2\/posts"}],"about":[{"href":"https:\/\/albert.przemyska.pl\/index.php?rest_route=\/wp\/v2\/types\/post"}],"author":[{"embeddable":true,"href":"https:\/\/albert.przemyska.pl\/index.php?rest_route=\/wp\/v2\/users\/2"}],"replies":[{"embeddable":true,"href":"https:\/\/albert.przemyska.pl\/index.php?rest_route=%2Fwp%2Fv2%2Fcomments&post=2031"}],"version-history":[{"count":1,"href":"https:\/\/albert.przemyska.pl\/index.php?rest_route=\/wp\/v2\/posts\/2031\/revisions"}],"predecessor-version":[{"id":2033,"href":"https:\/\/albert.przemyska.pl\/index.php?rest_route=\/wp\/v2\/posts\/2031\/revisions\/2033"}],"wp:featuredmedia":[{"embeddable":true,"href":"https:\/\/albert.przemyska.pl\/index.php?rest_route=\/wp\/v2\/media\/2032"}],"wp:attachment":[{"href":"https:\/\/albert.przemyska.pl\/index.php?rest_route=%2Fwp%2Fv2%2Fmedia&parent=2031"}],"wp:term":[{"taxonomy":"category","embeddable":true,"href":"https:\/\/albert.przemyska.pl\/index.php?rest_route=%2Fwp%2Fv2%2Fcategories&post=2031"},{"taxonomy":"post_tag","embeddable":true,"href":"https:\/\/albert.przemyska.pl\/index.php?rest_route=%2Fwp%2Fv2%2Ftags&post=2031"}],"curies":[{"name":"wp","href":"https:\/\/api.w.org\/{rel}","templated":true}]}}