{"id":2034,"date":"2025-06-01T16:16:08","date_gmt":"2025-06-01T14:16:08","guid":{"rendered":"https:\/\/albert.przemyska.pl\/?p=2034"},"modified":"2025-06-01T16:17:24","modified_gmt":"2025-06-01T14:17:24","slug":"2034","status":"publish","type":"post","link":"https:\/\/albert.przemyska.pl\/?p=2034","title":{"rendered":"Og\u0142oszenia duszpasterskie"},"content":{"rendered":"<p><strong>Uroczysto\u015b\u0107 Wniebowst\u0105pienia Pa\u0144skiego<\/strong><\/p>\n<ol>\n<li><strong> Dzisiaj Uroczysto\u015b\u0107 Wniebowst\u0105pienia Pa\u0144skiego, w naszej archidiecezji 4\u00a0alumn\u00f3w przyjmie \u015bwi\u0119cenia diakonatu. Polecajmy w modlitwie ich pos\u0142ug\u0119.<\/strong><\/li>\n<\/ol>\n<ul>\n<li><strong>17:30<\/strong> Nabo\u017ce\u0144stwo ku czci <strong>NSPJ i zmiana tajemnic r\u00f3\u017ca\u0144cowych.<\/strong><\/li>\n<li>Nabo\u017ce\u0144stwa czerwcowe b\u0119dziemy sprawowali w naszym ko\u015bciele ka\u017cdego dnia o godz.<strong>17:30<\/strong><\/li>\n<\/ul>\n<ol start=\"2\">\n<li><strong> Trwa nowenna przed uroczysto\u015bci\u0105 Zes\u0142ania Ducha \u015awi\u0119tego. W sobot\u0119 w\u00a0katedrze \u015bwi\u0119cenia kap\u0142a\u0144skie. Polecajmy diakon\u00f3w Maryi Matce Ko\u015bcio\u0142a i\u00a0m\u00f3dlmy si\u0119 o dar gorliwej s\u0142u\u017cby dla przysz\u0142ych kap\u0142an\u00f3w.<\/strong><\/li>\n<li><strong>Poniedzia\u0142ek<\/strong> \u2013 po Mszy \u015bw. zapraszamy na spotkanie <strong>\u201eMatki w modlitwie\u201d<\/strong><\/li>\n<li><strong>\u015aroda<\/strong> &#8211; Nowenna do M.B. Nieustaj\u0105cej Pomocy.<\/li>\n<li><strong>I czwartek<\/strong> \u2013 modlimy si\u0119 za powo\u0142anych i o \u015bwi\u0119te powo\u0142ania kap\u0142a\u0144skie zakonne i misyjne. W tym dniu polecamy si\u0119 r\u00f3wnie\u017c opiece i wstawiennictwu <strong>\u015bw.\u00a0Brata Alberta. <\/strong><\/li>\n<\/ol>\n<p><strong>Ks. Proboszcz przed po\u0142udniem odwiedzi r\u00f3wnie\u017c chorych z pos\u0142ug\u0105 sakramentaln\u0105<\/strong><\/p>\n<ol start=\"6\">\n<li><strong>I pi\u0105tek<\/strong> \u2013 przed po\u0142udniem odwiedzimy chorych z pos\u0142ug\u0105 sakramentaln\u0105, a\u00a0<strong>od\u00a0godz.\u00a017:00<\/strong> w<strong>ystawienie Naj\u015bwi\u0119tszego Sakramentu<\/strong> <strong>i mo\u017cliwo\u015b\u0107 spowiedzi \u015bwi\u0119tej.<\/strong><\/li>\n<li><strong> I Sobota &#8211; o godz. 17:15 nabo\u017ce\u0144stwo r\u00f3\u017ca\u0144cowe. <\/strong><\/li>\n<li>Rodziny, kt\u00f3re jeszcze nie przyjmowa\u0142y obrazu <strong>Serca Pana Jezusa,<\/strong> zach\u0119camy, by przyj\u0119\u0142y ten znak Bo\u017cej mi\u0142o\u015bci do swojej rodziny. Miesi\u0105c czerwiec b\u0119dzie ostatnim miesi\u0105cem peregrynacji obrazu NSPJ. W zakrystii mo\u017cna si\u0119 zapisa\u0107 na konkretny termin.<\/li>\n<li>Zach\u0119camy do udzia\u0142u w zapowiadanej parafialnej pielgrzymce z okazji roku Jubileuszowego do Kalwarii Pac\u0142awskiej w dniu <strong>21 czerwca<\/strong> (sobota). W zakrystii mo\u017cna si\u0119 zapisa\u0107 na pielgrzymowanie piesze czy te\u017c autokarowe. Szczeg\u00f3\u0142y pielgrzymowania podamy bli\u017cej terminu wyj\u015bcia.<\/li>\n<li>Zbli\u017ca si\u0119 <strong>Uroczysto\u015b\u0107 Bo\u017cego Cia\u0142a.<\/strong> W naszej parafii tradycyjnie procesja odb\u0119dzie si\u0119 w niedziel\u0119 po Uroczysto\u015bci Bo\u017cego Cia\u0142a. Trasa procesji b\u0119dzie przebiega\u0142a ulicami; <strong>\u015bw. Brata Alberta \u2013 Rogozi\u0144skiego dalej Brodzi\u0144skiego, Boles\u0142awa Chrobrego i Jana Tarnowskiego. <\/strong><\/li>\n<\/ol>\n<p><strong>Prosimy by pierwszy o\u0142tarz przygotowali Mieszka\u0144cy bloku nr 19, o\u0142tarz drugi Mieszka\u0144cy bloku nr 23, o\u0142tarz trzeci Pa\u0144stwo Bak, Czajka i S\u0105siedzi, o\u0142tarz czwarty mieszka\u0144cy ulicy Tarnowskiego.<\/strong><\/p>\n<ol start=\"11\">\n<li><strong>Dzi\u0119kujemy<\/strong> <strong>Rodzinom z dom\u00f3w przy ul. Focha 1\/3 <\/strong>za ofiary na sprz\u0105tanie ko\u015bcio\u0142a. W przysz\u0142\u0105 niedziel\u0119 <strong>o pomoc prosimy Rodziny mieszkaj\u0105ce przy ul. Focha 1\/4. <\/strong>Dzi\u0119kujemy r\u00f3wnie\u017c za wszelkie ofiary sk\u0142adane na tac\u0119, wp\u0142acane na konto parafii oraz na nowy konfesjona\u0142. <strong>B\u00f3g zap\u0142a\u0107!.<\/strong><\/li>\n<li>W minionym tygodniu zosta\u0142y doko\u0144czone prace przy skuwaniu zawilgoconych tynk\u00f3w. Dzi\u0119kuj\u0119 za wszelk\u0105 pomoc i \u017cyczliwo\u015b\u0107.<\/li>\n<\/ol>\n<p><strong>Sk\u0142adka dzisiejsza przeznaczona jest na potrzeby WSD. Sk\u0142adka z przysz\u0142ej niedzieli b\u0119dzie przeznaczona na potrzeby zwi\u0105zane z pracami, kt\u00f3re prowadzimy przy naszym ko\u015bciele<\/strong><\/p>\n<p><strong>Po 7 miesi\u0105cach Pan Franciszek Bielecki ko\u0144czy pos\u0142ug\u0119 ko\u015bcielnego. Dzi\u0119kujemy Panu Franciszkowi za ten czas solidnej i wytrwa\u0142ej pracy. Niech Pan B\u00f3g Mu wynagradza za dobro, kt\u00f3re po sobie pozostawia. Jednocze\u015bnie zapraszamy Pan Franciszka do pomocy o ile tylko zdrowie i si\u0142y pozwol\u0105.<\/strong><\/p>\n<p><strong>Od dzisiejszej niedzieli pos\u0142ug\u0119 ko\u015bcielnego (przez najbli\u017csze miesi\u0105ce) b\u0119dzie pe\u0142ni\u0142 Micha\u0142 P\u0142onkowski tegoroczny maturzysta. Dzi\u0119kujemy mu za gotowo\u015b\u0107 do s\u0142u\u017cby. <\/strong><\/p>\n","protected":false},"excerpt":{"rendered":"<p>Uroczysto\u015b\u0107 Wniebowst\u0105pienia Pa\u0144skiego Dzisiaj Uroczysto\u015b\u0107 Wniebowst\u0105pienia Pa\u0144skiego, w naszej archidiecezji 4\u00a0alumn\u00f3w przyjmie \u015bwi\u0119cenia diakonatu. Polecajmy w modlitwie ich pos\u0142ug\u0119. 17:30 Nabo\u017ce\u0144stwo ku czci NSPJ i zmiana tajemnic r\u00f3\u017ca\u0144cowych. Nabo\u017ce\u0144stwa czerwcowe b\u0119dziemy sprawowali w naszym ko\u015bciele ka\u017cdego dnia o godz.17:30 Trwa nowenna przed uroczysto\u015bci\u0105 Zes\u0142ania Ducha \u015awi\u0119tego. W sobot\u0119 w\u00a0katedrze \u015bwi\u0119cenia kap\u0142a\u0144skie. Polecajmy diakon\u00f3w Maryi Matce &hellip; <\/p>\n<p class=\"link-more\"><a href=\"https:\/\/albert.przemyska.pl\/?p=2034\" class=\"more-link\">Czytaj dalej<span class=\"screen-reader-text\"> \u201eOg\u0142oszenia duszpasterskie\u201d<\/span><\/a><\/p>\n","protected":false},"author":2,"featured_media":2035,"comment_status":"closed","ping_status":"closed","sticky":false,"template":"","format":"standard","meta":{"footnotes":""},"categories":[3],"tags":[],"class_list":["post-2034","post","type-post","status-publish","format-standard","has-post-thumbnail","hentry","category-ogloszenia"],"_links":{"self":[{"href":"https:\/\/albert.przemyska.pl\/index.php?rest_route=\/wp\/v2\/posts\/2034","targetHints":{"allow":["GET"]}}],"collection":[{"href":"https:\/\/albert.przemyska.pl\/index.php?rest_route=\/wp\/v2\/posts"}],"about":[{"href":"https:\/\/albert.przemyska.pl\/index.php?rest_route=\/wp\/v2\/types\/post"}],"author":[{"embeddable":true,"href":"https:\/\/albert.przemyska.pl\/index.php?rest_route=\/wp\/v2\/users\/2"}],"replies":[{"embeddable":true,"href":"https:\/\/albert.przemyska.pl\/index.php?rest_route=%2Fwp%2Fv2%2Fcomments&post=2034"}],"version-history":[{"count":2,"href":"https:\/\/albert.przemyska.pl\/index.php?rest_route=\/wp\/v2\/posts\/2034\/revisions"}],"predecessor-version":[{"id":2037,"href":"https:\/\/albert.przemyska.pl\/index.php?rest_route=\/wp\/v2\/posts\/2034\/revisions\/2037"}],"wp:featuredmedia":[{"embeddable":true,"href":"https:\/\/albert.przemyska.pl\/index.php?rest_route=\/wp\/v2\/media\/2035"}],"wp:attachment":[{"href":"https:\/\/albert.przemyska.pl\/index.php?rest_route=%2Fwp%2Fv2%2Fmedia&parent=2034"}],"wp:term":[{"taxonomy":"category","embeddable":true,"href":"https:\/\/albert.przemyska.pl\/index.php?rest_route=%2Fwp%2Fv2%2Fcategories&post=2034"},{"taxonomy":"post_tag","embeddable":true,"href":"https:\/\/albert.przemyska.pl\/index.php?rest_route=%2Fwp%2Fv2%2Ftags&post=2034"}],"curies":[{"name":"wp","href":"https:\/\/api.w.org\/{rel}","templated":true}]}}