{"id":2038,"date":"2025-06-07T22:11:14","date_gmt":"2025-06-07T20:11:14","guid":{"rendered":"https:\/\/albert.przemyska.pl\/?p=2038"},"modified":"2025-06-07T22:17:56","modified_gmt":"2025-06-07T20:17:56","slug":"ogloszenia-duszpasterskie-35","status":"publish","type":"post","link":"https:\/\/albert.przemyska.pl\/?p=2038","title":{"rendered":"OG\u0141OSZENIA DUSZPASTERSKIE"},"content":{"rendered":"<h1 style=\"text-align: center;\"><strong>Uroczysto\u015b\u0107 Zes\u0142ania Ducha \u015awi\u0119tego<\/strong><\/h1>\n<ol>\n<li><strong> Uroczysto\u015b\u0107 Zes\u0142ania Ducha \u015awi\u0119tego, <\/strong>jest dzi\u0119kczynieniem Ko\u015bcio\u0142a za dary jakimi B\u00f3g ubogaca i umacnia wsp\u00f3lnot\u0119 wierz\u0105cych w g\u0142oszeniu Ewangelii. <strong>Wczoraj w naszej katedrze zosta\u0142o wy\u015bwi\u0119conych 5 nowych kap\u0142an\u00f3w. Wypraszajmy im \u015bwiat\u0142o i moc Ducha \u015aw\u0119tego. Dzi\u015b za odm\u00f3wienie hymnu O Stworzycielu Duchu przyjd\u017a, mo\u017cna zyska\u0107 odpust zupe\u0142ny<\/strong><\/li>\n<li><strong> Trwamy w miesi\u0105cu po\u015bwi\u0119conym Naj\u015bwi\u0119tszemu Sercu Pana Jezusa. W naszym ko\u015bciele nabo\u017ce\u0144stwa czerwcowe s\u0105 sprawowane o godz. 17:40.<\/strong><\/li>\n<\/ol>\n<p><strong>Dzi\u015b rozpoczynamy nowenn\u0119 do \u015bw. brata Alberta przed liturgicznym wspomnieniem naszego Patrona. W ten spos\u00f3b duchowo przygotowujemy si\u0119 do uroczysto\u015bci odpustowej.<\/strong><\/p>\n<ol start=\"3\">\n<li><strong> Jutro, w poniedzia\u0142ek, 9 czerwca <em>(tradycyjnie drugi dzie\u0144 Zielonych \u015awi\u0105t),<\/em> obchodzimy \u015bwi\u0119to Naj\u015bwi\u0119tszej Maryi Panny Matki Ko\u015bcio\u0142a. Msze \u015bw. o godz. 8:00 i\u00a018:00. <\/strong>Po Mszy \u015bw. wieczornej zapraszamy na spotkanie <strong>\u201eMatki w modlitwie\u201d<\/strong><\/li>\n<li><strong> W \u015brod\u0119 o godz. 16:45 spotkanie dla uczni\u00f3w kl. VI w ramach przygotowania do sakramentu bierzmowania. Nast\u0119pnie nabo\u017ce\u0144stwo czerwcowe i Msza \u015bw. Nowenna do Matki Bo\u017cej Nieustaj\u0105cej Pomocy.<\/strong><\/li>\n<li><strong> W czwartek, 12 czerwca, <\/strong>b\u0119dziemy prze\u017cywali<strong> \u015bwi\u0119to Jezusa Chrystusa, Najwy\u017cszego i Wiecznego Kap\u0142ana. <\/strong>Niech to b\u0119dzie dzie\u0144 szczeg\u00f3lnej modlitwy za powo\u0142anych do kap\u0142a\u0144stwa, o ich \u015bwi\u0119to\u015b\u0107 i wytrwa\u0142o\u015b\u0107 w kap\u0142a\u0144skim pos\u0142ugiwaniu.<\/li>\n<li><strong> Pi\u0105tek \u2013 od godz. 17:00 wystawienie Naj\u015bwi\u0119tszego Sakramentu <\/strong>i mo\u017cliwo\u015b\u0107 spowiedzi \u015bwi\u0119tej.<\/li>\n<li>W przysz\u0142\u0105 niedziel\u0119, 15 czerwca, b\u0119dziemy obchodzili<strong> Uroczysto\u015b\u0107 Naj\u015bwi\u0119tszej Tr\u00f3jcy. Pami\u0119tajmy, <\/strong>\u017ce uroczysto\u015b\u0107 ta ko\u0144czy czas wielkanocnej Komunii \u015awi\u0119tej.<\/li>\n<li><strong> Rodziny, kt\u00f3re jeszcze nie przyjmowa\u0142y obrazu Serca Pana Jezusa, zach\u0119camy, by przyj\u0119\u0142y ten znak Bo\u017cej mi\u0142o\u015bci do swojej rodziny. <\/strong>Miesi\u0105c czerwiec b\u0119dzie ostatnim miesi\u0105cem peregrynacji obrazu NSPJ. W zakrystii mo\u017cna si\u0119 zapisa\u0107 na konkretny termin.<\/li>\n<li>Zach\u0119camy do udzia\u0142u w zapowiadanej parafialnej<strong> pielgrzymce do Kalwarii Pac\u0142awskiej z okazji roku Jubileuszowego w dniu 21 czerwca (sobota<\/strong>). W zakrystii mo\u017cna si\u0119 zapisa\u0107 na pielgrzymowanie piesze czy te\u017c autokarowe.<\/li>\n<li><strong> Dzi\u0119kujemy Rodzinom z dom\u00f3w przy ul. Focha 1\/4<\/strong> za ofiary na sprz\u0105tanie ko\u015bcio\u0142a. W przysz\u0142\u0105 niedziel\u0119 o pomoc <strong>prosimy Rodziny mieszkaj\u0105ce przy ul. Focha 1\/5.<\/strong> Dzi\u0119kujemy r\u00f3wnie\u017c za ofiary sk\u0142adane na tac\u0119, wp\u0142acane na konto parafii oraz na nowy konfesjona\u0142. B\u00f3g zap\u0142a\u0107!. <strong>Sk\u0142adka dzisiejsza przeznaczona jest na potrzeby zwi\u0105zane z pracami, kt\u00f3re prowadzimy przy naszym ko\u015bciele.<\/strong><\/li>\n<\/ol>\n","protected":false},"excerpt":{"rendered":"<p>Uroczysto\u015b\u0107 Zes\u0142ania Ducha \u015awi\u0119tego Uroczysto\u015b\u0107 Zes\u0142ania Ducha \u015awi\u0119tego, jest dzi\u0119kczynieniem Ko\u015bcio\u0142a za dary jakimi B\u00f3g ubogaca i umacnia wsp\u00f3lnot\u0119 wierz\u0105cych w g\u0142oszeniu Ewangelii. Wczoraj w naszej katedrze zosta\u0142o wy\u015bwi\u0119conych 5 nowych kap\u0142an\u00f3w. Wypraszajmy im \u015bwiat\u0142o i moc Ducha \u015aw\u0119tego. Dzi\u015b za odm\u00f3wienie hymnu O Stworzycielu Duchu przyjd\u017a, mo\u017cna zyska\u0107 odpust zupe\u0142ny Trwamy w miesi\u0105cu po\u015bwi\u0119conym &hellip; <\/p>\n<p class=\"link-more\"><a href=\"https:\/\/albert.przemyska.pl\/?p=2038\" class=\"more-link\">Czytaj dalej<span class=\"screen-reader-text\"> \u201eOG\u0141OSZENIA DUSZPASTERSKIE\u201d<\/span><\/a><\/p>\n","protected":false},"author":2,"featured_media":2040,"comment_status":"closed","ping_status":"closed","sticky":false,"template":"","format":"standard","meta":{"footnotes":""},"categories":[3],"tags":[],"class_list":["post-2038","post","type-post","status-publish","format-standard","has-post-thumbnail","hentry","category-ogloszenia"],"_links":{"self":[{"href":"https:\/\/albert.przemyska.pl\/index.php?rest_route=\/wp\/v2\/posts\/2038","targetHints":{"allow":["GET"]}}],"collection":[{"href":"https:\/\/albert.przemyska.pl\/index.php?rest_route=\/wp\/v2\/posts"}],"about":[{"href":"https:\/\/albert.przemyska.pl\/index.php?rest_route=\/wp\/v2\/types\/post"}],"author":[{"embeddable":true,"href":"https:\/\/albert.przemyska.pl\/index.php?rest_route=\/wp\/v2\/users\/2"}],"replies":[{"embeddable":true,"href":"https:\/\/albert.przemyska.pl\/index.php?rest_route=%2Fwp%2Fv2%2Fcomments&post=2038"}],"version-history":[{"count":3,"href":"https:\/\/albert.przemyska.pl\/index.php?rest_route=\/wp\/v2\/posts\/2038\/revisions"}],"predecessor-version":[{"id":2043,"href":"https:\/\/albert.przemyska.pl\/index.php?rest_route=\/wp\/v2\/posts\/2038\/revisions\/2043"}],"wp:featuredmedia":[{"embeddable":true,"href":"https:\/\/albert.przemyska.pl\/index.php?rest_route=\/wp\/v2\/media\/2040"}],"wp:attachment":[{"href":"https:\/\/albert.przemyska.pl\/index.php?rest_route=%2Fwp%2Fv2%2Fmedia&parent=2038"}],"wp:term":[{"taxonomy":"category","embeddable":true,"href":"https:\/\/albert.przemyska.pl\/index.php?rest_route=%2Fwp%2Fv2%2Fcategories&post=2038"},{"taxonomy":"post_tag","embeddable":true,"href":"https:\/\/albert.przemyska.pl\/index.php?rest_route=%2Fwp%2Fv2%2Ftags&post=2038"}],"curies":[{"name":"wp","href":"https:\/\/api.w.org\/{rel}","templated":true}]}}