{"id":2135,"date":"2025-11-16T18:52:15","date_gmt":"2025-11-16T17:52:15","guid":{"rendered":"https:\/\/albert.przemyska.pl\/?p=2135"},"modified":"2025-11-16T18:52:15","modified_gmt":"2025-11-16T17:52:15","slug":"xxxiii-niedziela-zwykla-ogloszenia-duszpasterskie","status":"publish","type":"post","link":"https:\/\/albert.przemyska.pl\/?p=2135","title":{"rendered":"XXXIII Niedziela zwyk\u0142a &#8211; og\u0142oszenia duszpasterskie"},"content":{"rendered":"<p><strong>XXXIII Niedziela Zwyk\u0142a<\/strong><\/p>\n<p><strong>OG\u0141OSZENIA DUSZPASTERSKIE<\/strong><\/p>\n<ol>\n<li>Dzi\u015b o 17:30 r\u00f3\u017caniec za zmar\u0142ych polecanych w wypominkach, nast\u0119pnie Msza \u015awi\u0119ta. R\u00f3\u017caniec za zmar\u0142ych polecanych w wypominkach codziennie o godz. 17:30,<\/li>\n<li>W poniedzia\u0142ek zapraszam na spotkanie <strong>\u201eMatki w modlitwie\u201d<\/strong><\/li>\n<li>We wtorek na <strong> 18:00<\/strong> zapraszamy dzieci przygotowuj\u0105ce si\u0119 do I Komunii \u015awi\u0119tej,<\/li>\n<li>W \u015brod\u0119 <strong>Nowenna<\/strong> do <strong>Matki Bo\u017cej Nieustaj\u0105cej Pomocy,<\/strong><\/li>\n<li>W czwartek nowenna do \u015bw. Brata Alberta,\n<ul>\n<li><strong>17:30 spotkanie dla dzieci ze szko\u0142y podstawowej kl. 1-5. Zapraszamy i zach\u0119camy do udzia\u0142u w spotkaniach,<\/strong><\/li>\n<\/ul>\n<\/li>\n<\/ol>\n<ul>\n<li><strong>Po<\/strong> <strong>Mszy \u015awi\u0119tej zbi\u00f3rka ministrant\u00f3w,<\/strong><\/li>\n<\/ul>\n<ol start=\"6\">\n<li><strong>Ojcowie karmelici zapraszaj\u0105 na modlitw\u0119 przy relikwiach \u015bw. Teresy od Dzieci\u0105tka Jezus i Jej Rodzic\u00f3w. Szczeg\u00f3\u0142y na plakatach<\/strong><\/li>\n<li>W pi\u0105tek od godz. <strong>17:00<\/strong> <strong>wystawienie Naj\u015bwi\u0119tszego Sakramentu<\/strong> i <strong>mo\u017cliwo\u015b\u0107 spowiedzi \u015bw.<\/strong> <strong>o godz.<\/strong> <strong>17:30<\/strong> r\u00f3\u017caniec za zmar\u0142ych polecanych w wypominkach, nast\u0119pnie Msza \u015awi\u0119ta,<\/li>\n<li>Za tydzie\u0144 <strong>Uroczysto\u015b\u0107 Chrystusa Kr\u00f3la<\/strong>, ostatnia niedziela roku liturgicznego. <strong>Podczas Mszy \u015awi\u0119tej o godz. 11:30 po\u015bwi\u0119cimy uroczy\u015bcie Chrystusowi Kr\u00f3lowi nasz\u0105 ojczyzn\u0119, parafi\u0119, rodziny i siebie samych,<\/strong><\/li>\n<li><strong> bp Stanis\u0142aw JAMROZEK zaprasza na Orszak Chrystusa Kr\u00f3la, kt\u00f3ry rozpocznie si\u0119 Msz\u0105 \u015bw. o godzinie 12:30 w Ko\u015bciele Ojc\u00f3w Franciszkan\u00f3w, i przejdzie do Ko\u015bcio\u0142a ksi\u0119\u017cy Salezjan\u00f3w, gdzie b\u0119dzie wystawienie Naj\u015bwi\u0119tszego Sakramentu, d\u0142u\u017csza chwila modlitwy w ciszy, a p\u00f3\u017aniej odnowienie uroczystego aktu przyj\u0119cia Jezusa Chrystusa za Kr\u00f3la i Pana,<\/strong><\/li>\n<li><strong>Dzi\u0119kujemy Rodzinom z ul. Rogozi\u0144skiego 5 kl. 1 <\/strong>za ofiary na sprz\u0105tanie ko\u015bcio\u0142a. W\u00a0przysz\u0142\u0105 niedziel\u0119 o pomoc prosimy <strong>Rodziny mieszkaj\u0105ce przy ul.\u00a0Rogozi\u0144skiego 5\u00a0kl. 2.<\/strong><\/li>\n<li>Dzi\u0119kujemy za ofiary sk\u0142adane na tac\u0119 oraz wp\u0142acane na konto parafii. W ubieg\u0142\u0105 niedziel\u0119 <strong>na prace prowadzone w naszym ko\u015bciele z\u0142o\u017cono 8125<\/strong> <strong>z\u0142. <\/strong>Dzi\u0119kujemy wszystkim, kt\u00f3rzy modlitw\u0105, cierpieniem i prac\u0105 wspieraj\u0105 nasz\u0105 parafi\u0119. Dzi\u0119kujemy za pomoc w porz\u0105dkowaniu placu wok\u00f3\u0142 ko\u015bcio\u0142a. <strong>Dzisiejsza sk\u0142adka przeznaczona jest na pomoc dla Ksi\u0119\u017cy Emeryt\u00f3w oraz dla Domu Ksi\u0119\u017cy Emeryt\u00f3w \u201eEMAUS\u201d<\/strong><\/li>\n<li><strong>Zach\u0119camy i prosimy o podj\u0119cie pos\u0142ugi lektora podczas Mszy \u015awi\u0119tych w zakrystii mo\u017cna wpisa\u0107 si\u0119 na konkretny dzie\u0144 i godzin\u0119. <\/strong><\/li>\n<li>W salce obok prezbiterium mo\u017cna zakupi\u0107 obrazy autorstwa Pani Teresy PARYNA, doch\u00f3d przeznaczony jest na nowe konfesjona\u0142y<\/li>\n<li>Serdecznie zapraszamy do lektury prasy katolickiej<\/li>\n<\/ol>\n<p>&nbsp;<\/p>\n<p><strong>Pan Jezus w dzisiejszej Ewangelii m\u00f3wi do tych, kt\u00f3rzy s\u0105 Mu wierni i Go kochaj\u0105: <\/strong><\/p>\n<p><strong>\u201eNabierzcie ducha i podnie\u015bcie g\u0142owy, poniewa\u017c zbli\u017ca si\u0119 wasze odkupienie\u201d. <\/strong><\/p>\n<p><strong>B\u0105d\u017amy zatem zawsze bardzo blisko Niego.<\/strong><\/p>\n","protected":false},"excerpt":{"rendered":"<p>XXXIII Niedziela Zwyk\u0142a OG\u0141OSZENIA DUSZPASTERSKIE Dzi\u015b o 17:30 r\u00f3\u017caniec za zmar\u0142ych polecanych w wypominkach, nast\u0119pnie Msza \u015awi\u0119ta. R\u00f3\u017caniec za zmar\u0142ych polecanych w wypominkach codziennie o godz. 17:30, W poniedzia\u0142ek zapraszam na spotkanie \u201eMatki w modlitwie\u201d We wtorek na 18:00 zapraszamy dzieci przygotowuj\u0105ce si\u0119 do I Komunii \u015awi\u0119tej, W \u015brod\u0119 Nowenna do Matki Bo\u017cej Nieustaj\u0105cej Pomocy, &hellip; <\/p>\n<p class=\"link-more\"><a href=\"https:\/\/albert.przemyska.pl\/?p=2135\" class=\"more-link\">Czytaj dalej<span class=\"screen-reader-text\"> \u201eXXXIII Niedziela zwyk\u0142a &#8211; og\u0142oszenia duszpasterskie\u201d<\/span><\/a><\/p>\n","protected":false},"author":2,"featured_media":925,"comment_status":"closed","ping_status":"closed","sticky":false,"template":"","format":"standard","meta":{"footnotes":""},"categories":[3],"tags":[],"class_list":["post-2135","post","type-post","status-publish","format-standard","has-post-thumbnail","hentry","category-ogloszenia"],"_links":{"self":[{"href":"https:\/\/albert.przemyska.pl\/index.php?rest_route=\/wp\/v2\/posts\/2135","targetHints":{"allow":["GET"]}}],"collection":[{"href":"https:\/\/albert.przemyska.pl\/index.php?rest_route=\/wp\/v2\/posts"}],"about":[{"href":"https:\/\/albert.przemyska.pl\/index.php?rest_route=\/wp\/v2\/types\/post"}],"author":[{"embeddable":true,"href":"https:\/\/albert.przemyska.pl\/index.php?rest_route=\/wp\/v2\/users\/2"}],"replies":[{"embeddable":true,"href":"https:\/\/albert.przemyska.pl\/index.php?rest_route=%2Fwp%2Fv2%2Fcomments&post=2135"}],"version-history":[{"count":1,"href":"https:\/\/albert.przemyska.pl\/index.php?rest_route=\/wp\/v2\/posts\/2135\/revisions"}],"predecessor-version":[{"id":2136,"href":"https:\/\/albert.przemyska.pl\/index.php?rest_route=\/wp\/v2\/posts\/2135\/revisions\/2136"}],"wp:featuredmedia":[{"embeddable":true,"href":"https:\/\/albert.przemyska.pl\/index.php?rest_route=\/wp\/v2\/media\/925"}],"wp:attachment":[{"href":"https:\/\/albert.przemyska.pl\/index.php?rest_route=%2Fwp%2Fv2%2Fmedia&parent=2135"}],"wp:term":[{"taxonomy":"category","embeddable":true,"href":"https:\/\/albert.przemyska.pl\/index.php?rest_route=%2Fwp%2Fv2%2Fcategories&post=2135"},{"taxonomy":"post_tag","embeddable":true,"href":"https:\/\/albert.przemyska.pl\/index.php?rest_route=%2Fwp%2Fv2%2Ftags&post=2135"}],"curies":[{"name":"wp","href":"https:\/\/api.w.org\/{rel}","templated":true}]}}