{"id":2139,"date":"2025-11-23T19:39:15","date_gmt":"2025-11-23T18:39:15","guid":{"rendered":"https:\/\/albert.przemyska.pl\/?p=2139"},"modified":"2025-11-23T19:39:15","modified_gmt":"2025-11-23T18:39:15","slug":"uroczystosc-jezusa-chrystusa-krola-wszechswiata","status":"publish","type":"post","link":"https:\/\/albert.przemyska.pl\/?p=2139","title":{"rendered":"Uroczysto\u015b\u0107 Jezusa Chrystusa &#8211; Kr\u00f3la Wszech\u015bwiata"},"content":{"rendered":"<p><strong>OG\u0141OSZENIA DUSZPASTERSKIE<\/strong><\/p>\n<ol>\n<li>Dzi\u015b po <strong>Mszy \u015awi\u0119tej o godz. 11:30 wystawienie Naj\u015bwi\u0119tszego Sakramentu i akt po\u015bwi\u0119cenia rodzaju ludzkiego Naj\u015bwi\u0119tszemu Sercu jezusowemu. Za publiczne odm\u00f3wienie tego aktu mo\u017cna zyska\u0107 odpust zupe\u0142ny pod zwyk\u0142ymi warunkami,<\/strong><\/li>\n<\/ol>\n<ul>\n<li>bp Stanis\u0142aw JAMROZEK zaprasza na Orszak Chrystusa Kr\u00f3la, kt\u00f3ry rozpocznie si\u0119 <strong>Msz\u0105 \u015awi\u0119t\u0105 o godzinie 12:30 w Ko\u015bciele Ojc\u00f3w Franciszkan\u00f3w, i przejdzie do Ko\u015bcio\u0142a ksi\u0119\u017cy Salezjan\u00f3w, gdzie b\u0119dzie wystawienie Naj\u015bwi\u0119tszego Sakramentu, d\u0142u\u017csza chwila modlitwy w ciszy, a p\u00f3\u017aniej odnowienie uroczystego aktu przyj\u0119cia Jezusa Chrystusa za Kr\u00f3la i Pana,<\/strong>\n<ul>\n<li>17:30 r\u00f3\u017caniec za zmar\u0142ych polecanych w wypominkach. R\u00f3\u017caniec za zmar\u0142ych polecanych w wypominkach codziennie o godz. 17:30,<\/li>\n<\/ul>\n<\/li>\n<\/ul>\n<ol start=\"2\">\n<li>W poniedzia\u0142ek zapraszam na spotkanie <strong>\u201eMatki w modlitwie\u201d<\/strong><\/li>\n<li>W \u015brod\u0119 <strong>Nowenna<\/strong> do <strong>Matki Bo\u017cej Nieustaj\u0105cej Pomocy. Po Mszy \u015awi\u0119tej zapraszam na spotkanie Grup\u0119 Caritas<\/strong><\/li>\n<li>W czwartek <strong>nowenna do \u015bw. Brata Alberta,<\/strong>\n<ul>\n<li><strong>17:30 spotkanie dla dzieci ze szko\u0142y podstawowej kl. 1-5. Zapraszamy i zach\u0119camy do udzia\u0142u w spotkaniach,<\/strong><\/li>\n<\/ul>\n<\/li>\n<\/ol>\n<ul>\n<li><strong>Po<\/strong> <strong>Mszy \u015awi\u0119tej zbi\u00f3rka ministrant\u00f3w,<\/strong><\/li>\n<\/ul>\n<ol start=\"5\">\n<li>W pi\u0105tek od godz. <strong>17:00<\/strong> <strong>wystawienie Naj\u015bwi\u0119tszego Sakramentu<\/strong> i <strong>mo\u017cliwo\u015b\u0107 spowiedzi \u015bw.<\/strong> Msz\u0105 \u015awi\u0119t\u0105 o godz. 18 rozpoczniemy <strong>Wiecz\u00f3r Uwielbienia<\/strong>. Serdecznie zapraszamy<\/li>\n<li><strong>Czas przygotowa\u0107 si\u0119 do Adwentu<\/strong> \u2013 <strong>okresu radosnego i pobo\u017cnego oczekiwania na przyj\u015bcie<\/strong> Pana Jezusa. <strong>W przysz\u0142\u0105 niedziel\u0119, 30 listopada, rozpoczniemy ten pi\u0119kny czas.<\/strong><\/li>\n<li><strong>Dzi\u0119kujemy Rodzinom z ul. Rogozi\u0144skiego 5 kl. 2 <\/strong>za ofiary na sprz\u0105tanie ko\u015bcio\u0142a. W\u00a0przysz\u0142\u0105 niedziel\u0119 o pomoc prosimy <strong>Rodziny mieszkaj\u0105ce przy ul.\u00a0Rogozi\u0144skiego 5\u00a0kl. 3.<\/strong><\/li>\n<li>Dzi\u0119kujemy za ofiary sk\u0142adane na tac\u0119 oraz wp\u0142acane na konto parafii. Dzi\u0119kujemy wszystkim, kt\u00f3rzy modlitw\u0105, cierpieniem i prac\u0105 wspieraj\u0105 nasz\u0105 parafi\u0119.<\/li>\n<li><strong>Zach\u0119camy i prosimy o podj\u0119cie pos\u0142ugi lektora podczas Mszy \u015awi\u0119tych w zakrystii mo\u017cna wpisa\u0107 si\u0119 na konkretny dzie\u0144 i godzin\u0119. <\/strong><\/li>\n<li>Serdecznie zapraszamy do lektury prasy katolickiej<\/li>\n<\/ol>\n<p><strong>Dzi\u0119kujmy dzisiaj Panu Jezusowi, \u017ce jest naszym Kr\u00f3lem i Zbawicielem. <\/strong><\/p>\n<p><strong>Dzi\u0119kujmy, \u017ce nie zszed\u0142 z krzy\u017ca i z mi\u0142o\u015bci do nas pozosta\u0142 na tym niewygodnym tronie, aby w\u00a0ten spos\u00f3b utwierdzi\u0107 swoje kr\u00f3lestwo na wieki. <\/strong><\/p>\n<p><strong>Dzi\u0119kujmy i wo\u0142ajmy tak jak Dobry \u0141otr: <\/strong><\/p>\n<p><strong>\u201eJezu, wspomnij na mnie, gdy przyjdziesz do swego kr\u00f3lestwa\u201d.<\/strong><\/p>\n<p>&nbsp;<\/p>\n","protected":false},"excerpt":{"rendered":"<p>OG\u0141OSZENIA DUSZPASTERSKIE Dzi\u015b po Mszy \u015awi\u0119tej o godz. 11:30 wystawienie Naj\u015bwi\u0119tszego Sakramentu i akt po\u015bwi\u0119cenia rodzaju ludzkiego Naj\u015bwi\u0119tszemu Sercu jezusowemu. Za publiczne odm\u00f3wienie tego aktu mo\u017cna zyska\u0107 odpust zupe\u0142ny pod zwyk\u0142ymi warunkami, bp Stanis\u0142aw JAMROZEK zaprasza na Orszak Chrystusa Kr\u00f3la, kt\u00f3ry rozpocznie si\u0119 Msz\u0105 \u015awi\u0119t\u0105 o godzinie 12:30 w Ko\u015bciele Ojc\u00f3w Franciszkan\u00f3w, i przejdzie do &hellip; <\/p>\n<p class=\"link-more\"><a href=\"https:\/\/albert.przemyska.pl\/?p=2139\" class=\"more-link\">Czytaj dalej<span class=\"screen-reader-text\"> \u201eUroczysto\u015b\u0107 Jezusa Chrystusa &#8211; Kr\u00f3la Wszech\u015bwiata\u201d<\/span><\/a><\/p>\n","protected":false},"author":2,"featured_media":1312,"comment_status":"closed","ping_status":"closed","sticky":false,"template":"","format":"standard","meta":{"footnotes":""},"categories":[3],"tags":[],"class_list":["post-2139","post","type-post","status-publish","format-standard","has-post-thumbnail","hentry","category-ogloszenia"],"_links":{"self":[{"href":"https:\/\/albert.przemyska.pl\/index.php?rest_route=\/wp\/v2\/posts\/2139","targetHints":{"allow":["GET"]}}],"collection":[{"href":"https:\/\/albert.przemyska.pl\/index.php?rest_route=\/wp\/v2\/posts"}],"about":[{"href":"https:\/\/albert.przemyska.pl\/index.php?rest_route=\/wp\/v2\/types\/post"}],"author":[{"embeddable":true,"href":"https:\/\/albert.przemyska.pl\/index.php?rest_route=\/wp\/v2\/users\/2"}],"replies":[{"embeddable":true,"href":"https:\/\/albert.przemyska.pl\/index.php?rest_route=%2Fwp%2Fv2%2Fcomments&post=2139"}],"version-history":[{"count":1,"href":"https:\/\/albert.przemyska.pl\/index.php?rest_route=\/wp\/v2\/posts\/2139\/revisions"}],"predecessor-version":[{"id":2140,"href":"https:\/\/albert.przemyska.pl\/index.php?rest_route=\/wp\/v2\/posts\/2139\/revisions\/2140"}],"wp:featuredmedia":[{"embeddable":true,"href":"https:\/\/albert.przemyska.pl\/index.php?rest_route=\/wp\/v2\/media\/1312"}],"wp:attachment":[{"href":"https:\/\/albert.przemyska.pl\/index.php?rest_route=%2Fwp%2Fv2%2Fmedia&parent=2139"}],"wp:term":[{"taxonomy":"category","embeddable":true,"href":"https:\/\/albert.przemyska.pl\/index.php?rest_route=%2Fwp%2Fv2%2Fcategories&post=2139"},{"taxonomy":"post_tag","embeddable":true,"href":"https:\/\/albert.przemyska.pl\/index.php?rest_route=%2Fwp%2Fv2%2Ftags&post=2139"}],"curies":[{"name":"wp","href":"https:\/\/api.w.org\/{rel}","templated":true}]}}