{"id":2141,"date":"2025-11-23T22:43:30","date_gmt":"2025-11-23T21:43:30","guid":{"rendered":"https:\/\/albert.przemyska.pl\/?p=2141"},"modified":"2025-11-27T19:40:01","modified_gmt":"2025-11-27T18:40:01","slug":"roraty-2025","status":"publish","type":"post","link":"https:\/\/albert.przemyska.pl\/?p=2141","title":{"rendered":"Roraty 2025"},"content":{"rendered":"<div class=\"xdj266r x14z9mp xat24cr x1lziwak x1vvkbs x126k92a\">\n<div dir=\"auto\">&#8222;Czuwajcie wi\u0119c, bo nie wiecie, kiedy pan domu przyjdzie: z wieczora czy o p\u00f3\u0142nocy, czy o pianiu kogut\u00f3w, czy rankiem. By niespodzianie przyszed\u0142szy, nie zasta\u0142 was \u015bpi\u0105cych&#8221; (Mk 13, 35-36).<\/div>\n<\/div>\n<div dir=\"auto\"><\/div>\n<div dir=\"auto\">W okresie adwentu zapraszamy na roraty <strong>od poniedzia\u0142ku do soboty:<\/strong><\/div>\n<div dir=\"auto\"><strong> 5:30 Godzinki ku czci Naj\u015bwi\u0119tszej Marii Panny<\/strong><\/div>\n<div dir=\"auto\"><strong> 6:00 Msza \u015bwi\u0119ta<\/strong><\/div>\n","protected":false},"excerpt":{"rendered":"<p>&#8222;Czuwajcie wi\u0119c, bo nie wiecie, kiedy pan domu przyjdzie: z wieczora czy o p\u00f3\u0142nocy, czy o pianiu kogut\u00f3w, czy rankiem. By niespodzianie przyszed\u0142szy, nie zasta\u0142 was \u015bpi\u0105cych&#8221; (Mk 13, 35-36). W okresie adwentu zapraszamy na roraty od poniedzia\u0142ku do soboty: 5:30 Godzinki ku czci Naj\u015bwi\u0119tszej Marii Panny 6:00 Msza \u015bwi\u0119ta<\/p>\n","protected":false},"author":2,"featured_media":2143,"comment_status":"closed","ping_status":"closed","sticky":false,"template":"","format":"standard","meta":{"footnotes":""},"categories":[3],"tags":[],"class_list":["post-2141","post","type-post","status-publish","format-standard","has-post-thumbnail","hentry","category-ogloszenia"],"_links":{"self":[{"href":"https:\/\/albert.przemyska.pl\/index.php?rest_route=\/wp\/v2\/posts\/2141","targetHints":{"allow":["GET"]}}],"collection":[{"href":"https:\/\/albert.przemyska.pl\/index.php?rest_route=\/wp\/v2\/posts"}],"about":[{"href":"https:\/\/albert.przemyska.pl\/index.php?rest_route=\/wp\/v2\/types\/post"}],"author":[{"embeddable":true,"href":"https:\/\/albert.przemyska.pl\/index.php?rest_route=\/wp\/v2\/users\/2"}],"replies":[{"embeddable":true,"href":"https:\/\/albert.przemyska.pl\/index.php?rest_route=%2Fwp%2Fv2%2Fcomments&post=2141"}],"version-history":[{"count":4,"href":"https:\/\/albert.przemyska.pl\/index.php?rest_route=\/wp\/v2\/posts\/2141\/revisions"}],"predecessor-version":[{"id":2146,"href":"https:\/\/albert.przemyska.pl\/index.php?rest_route=\/wp\/v2\/posts\/2141\/revisions\/2146"}],"wp:featuredmedia":[{"embeddable":true,"href":"https:\/\/albert.przemyska.pl\/index.php?rest_route=\/wp\/v2\/media\/2143"}],"wp:attachment":[{"href":"https:\/\/albert.przemyska.pl\/index.php?rest_route=%2Fwp%2Fv2%2Fmedia&parent=2141"}],"wp:term":[{"taxonomy":"category","embeddable":true,"href":"https:\/\/albert.przemyska.pl\/index.php?rest_route=%2Fwp%2Fv2%2Fcategories&post=2141"},{"taxonomy":"post_tag","embeddable":true,"href":"https:\/\/albert.przemyska.pl\/index.php?rest_route=%2Fwp%2Fv2%2Ftags&post=2141"}],"curies":[{"name":"wp","href":"https:\/\/api.w.org\/{rel}","templated":true}]}}