{"id":2149,"date":"2025-11-27T21:13:34","date_gmt":"2025-11-27T20:13:34","guid":{"rendered":"https:\/\/albert.przemyska.pl\/?p=2149"},"modified":"2025-11-27T21:13:34","modified_gmt":"2025-11-27T20:13:34","slug":"adwentowe-czuwanie-dla-dzieci","status":"publish","type":"post","link":"https:\/\/albert.przemyska.pl\/?p=2149","title":{"rendered":"Adwentowe czuwanie dla dzieci"},"content":{"rendered":"<p><img loading=\"lazy\" decoding=\"async\" class=\"aligncenter size-large wp-image-2150\" src=\"https:\/\/albert.przemyska.pl\/wp-content\/uploads\/2025\/11\/Adwentowe-czuwanie-dla-dzieci_strona-1024x576.png\" alt=\"\" width=\"525\" height=\"295\" srcset=\"https:\/\/albert.przemyska.pl\/wp-content\/uploads\/2025\/11\/Adwentowe-czuwanie-dla-dzieci_strona-1024x576.png 1024w, https:\/\/albert.przemyska.pl\/wp-content\/uploads\/2025\/11\/Adwentowe-czuwanie-dla-dzieci_strona-300x169.png 300w, https:\/\/albert.przemyska.pl\/wp-content\/uploads\/2025\/11\/Adwentowe-czuwanie-dla-dzieci_strona-768x432.png 768w, https:\/\/albert.przemyska.pl\/wp-content\/uploads\/2025\/11\/Adwentowe-czuwanie-dla-dzieci_strona.png 1366w\" sizes=\"auto, (max-width: 525px) 100vw, 525px\" \/><\/p>\n<p>W okresie adwentu zapraszamy naszych najm\u0142odszych parafian<br \/>\nna wieczorn\u0105 Eucharysti\u0119 o godz. 18:00. B\u0119dzie to czas czuwania<br \/>\nz Maryj\u0105 na narodzenie Zbawiciela \u015bwiata.<\/p>\n<p>I tydzie\u0144 &#8211; 4 XII<br \/>\nII tydzie\u0144 &#8211; 9, 11 XII<br \/>\nIII tydzie\u0144 &#8211; 16, 18, 20 XII<br \/>\nIV tydzie\u0144 &#8211; 22, 23 XII<\/p>\n<p>Nie zapomnijcie zabra\u0107 ze sob\u0105 lampion\u00f3w!<\/p>\n<p>O kolejnych terminach b\u0119dziemy przypomina\u0107 na naszym parafialnym FB.<\/p>\n","protected":false},"excerpt":{"rendered":"<p>W okresie adwentu zapraszamy naszych najm\u0142odszych parafian na wieczorn\u0105 Eucharysti\u0119 o godz. 18:00. B\u0119dzie to czas czuwania z Maryj\u0105 na narodzenie Zbawiciela \u015bwiata. I tydzie\u0144 &#8211; 4 XII II tydzie\u0144 &#8211; 9, 11 XII III tydzie\u0144 &#8211; 16, 18, 20 XII IV tydzie\u0144 &#8211; 22, 23 XII Nie zapomnijcie zabra\u0107 ze sob\u0105 lampion\u00f3w! O kolejnych &hellip; <\/p>\n<p class=\"link-more\"><a href=\"https:\/\/albert.przemyska.pl\/?p=2149\" class=\"more-link\">Czytaj dalej<span class=\"screen-reader-text\"> \u201eAdwentowe czuwanie dla dzieci\u201d<\/span><\/a><\/p>\n","protected":false},"author":2,"featured_media":0,"comment_status":"closed","ping_status":"closed","sticky":false,"template":"","format":"standard","meta":{"footnotes":""},"categories":[3],"tags":[],"class_list":["post-2149","post","type-post","status-publish","format-standard","hentry","category-ogloszenia"],"_links":{"self":[{"href":"https:\/\/albert.przemyska.pl\/index.php?rest_route=\/wp\/v2\/posts\/2149","targetHints":{"allow":["GET"]}}],"collection":[{"href":"https:\/\/albert.przemyska.pl\/index.php?rest_route=\/wp\/v2\/posts"}],"about":[{"href":"https:\/\/albert.przemyska.pl\/index.php?rest_route=\/wp\/v2\/types\/post"}],"author":[{"embeddable":true,"href":"https:\/\/albert.przemyska.pl\/index.php?rest_route=\/wp\/v2\/users\/2"}],"replies":[{"embeddable":true,"href":"https:\/\/albert.przemyska.pl\/index.php?rest_route=%2Fwp%2Fv2%2Fcomments&post=2149"}],"version-history":[{"count":5,"href":"https:\/\/albert.przemyska.pl\/index.php?rest_route=\/wp\/v2\/posts\/2149\/revisions"}],"predecessor-version":[{"id":2155,"href":"https:\/\/albert.przemyska.pl\/index.php?rest_route=\/wp\/v2\/posts\/2149\/revisions\/2155"}],"wp:attachment":[{"href":"https:\/\/albert.przemyska.pl\/index.php?rest_route=%2Fwp%2Fv2%2Fmedia&parent=2149"}],"wp:term":[{"taxonomy":"category","embeddable":true,"href":"https:\/\/albert.przemyska.pl\/index.php?rest_route=%2Fwp%2Fv2%2Fcategories&post=2149"},{"taxonomy":"post_tag","embeddable":true,"href":"https:\/\/albert.przemyska.pl\/index.php?rest_route=%2Fwp%2Fv2%2Ftags&post=2149"}],"curies":[{"name":"wp","href":"https:\/\/api.w.org\/{rel}","templated":true}]}}