{"id":2159,"date":"2025-12-01T13:54:08","date_gmt":"2025-12-01T12:54:08","guid":{"rendered":"https:\/\/albert.przemyska.pl\/?p=2159"},"modified":"2025-12-01T13:54:08","modified_gmt":"2025-12-01T12:54:08","slug":"i-niedziela-adwentu-ogloszenia-duszpasterskie","status":"publish","type":"post","link":"https:\/\/albert.przemyska.pl\/?p=2159","title":{"rendered":"I Niedziela Adwentu &#8211; Og\u0142oszenia duszpasterskie"},"content":{"rendered":"<p><strong>I NIEDZIELA ADWENTU<\/strong><\/p>\n<p><strong>OG\u0141OSZENIA DUSZPASTERSKIE<\/strong><\/p>\n<ol>\n<li><strong>Dzisiejsz\u0105 niedziel\u0105 rozpoczynamy Adwent, czas radosnego oczekiwania i przygotowania na przyj\u015bcie Chrystusa. <\/strong>Adwent rozpoczyna nowy rok liturgiczny i duszpasterski pod has\u0142em <strong>\u201eUczniowie \u2013 misjonarze\u201d<\/strong><\/li>\n<li>W czasie adwentowego oczekiwania zapraszamy serdecznie wszystkich na <strong>RORATY,<\/strong> kt\u00f3re <strong>w naszym ko\u015bciele b\u0119dziemy prze\u017cywali<\/strong> <strong>codziennie od poniedzia\u0142ku do soboty o godz. 6:00,<\/strong> <strong>o godz. 5:30 Godzinki ku czci Niepokalanie Pocz\u0119tej.<\/strong> Przynie\u015bmy ze sob\u0105 lampiony, aby ze \u015bwiat\u0142em w d\u0142oniach oczekiwa\u0107 przyj\u015bcia Pana. Dzieci na Msz\u0119 \u015awi\u0119t\u0105 Roratni\u0105 zapraszamy najbli\u017cszy czwartek na <strong> 18:00 <\/strong>wcze\u015bniej o godz. <strong>17:30<\/strong> spotkanie w salce na plebanii. Podobnie jak w ubieg\u0142ym roku prosimy i zach\u0119camy by dzieci wykonywa\u0142y ozdoby choinkowe i podpisane przynios\u0142y ze sob\u0105 do ko\u015bcio\u0142a, ozdobimy nimi jedn\u0105 choink\u0119 w naszym ko\u015bciele<strong>,<\/strong><\/li>\n<li>Dzi\u015b o godz. <strong>17<sup>30<\/sup> r\u00f3\u017caniec za zmar\u0142ych<\/strong><em>,<\/em><\/li>\n<li><strong>W poniedzia\u0142ek po Mszy \u015awi\u0119tej wieczornej zapraszamy Matki w modlitwie,<\/strong><\/li>\n<li><strong>We wtorek na godz. 18:00 zapraszamy dzieci przygotowuj\u0105ce si\u0119 do I komunii \u015bw.<\/strong><\/li>\n<li><strong>W \u015brod\u0119 nowenna do MB Nieustaj\u0105ce Pomocy,<\/strong><\/li>\n<li><strong>W tym tygodniu przypada tak\u017ce pierwszy czwartek, pi\u0105tek i sobota miesi\u0105ca:<\/strong><\/li>\n<\/ol>\n<ul>\n<li>W <strong>pierwszy czwartek modlimy<\/strong> si\u0119 o <strong>u\u015bwi\u0119cenie kap\u0142an\u00f3w<\/strong> oraz o <strong>nowe powo\u0142ania kap\u0142a\u0144skie,<\/strong><\/li>\n<li><strong> Proboszcz Chorych z racji I pi\u0105tku odwiedzi w czwartek od godz. 8:00,<\/strong><\/li>\n<li>W <strong>Pi\u0105tek <\/strong>od <strong> 17:00 wystawienie Naj\u015bwi\u0119tszego Sakramentu i mo\u017cliwo\u015b\u0107 spowiedzi \u015bw. i\u00a0Nabo\u017ce\u0144stwo do Naj\u015bwi\u0119tszego Serca Pana Jezusa,<\/strong><\/li>\n<li><strong>W sobot\u0119 o godz. 17:15 R\u00f3\u017caniec Fatimski,<\/strong><\/li>\n<\/ul>\n<ol start=\"8\">\n<li>W przysz\u0142\u0105 niedziel\u0119, <strong>7 grudnia na Mszy \u015awi\u0119tej o godz. 10:00 b\u0119d\u0105 si\u0119 z nami modlili G\u00f3rnicy Nafty i Gazu, na Mszy \u015bw. o godz. 11:30 b\u0119dzie po\u015bwi\u0119cenie i przekazanie medalik\u00f3w dzieciom, kt\u00f3re przygotowuj\u0105 si\u0119 do I Komunii<\/strong> <strong>\u015aw.<\/strong> natomiast po Mszy \u015awi\u0119tej zapowiedzia\u0142 si\u0119 \u015bw. Miko\u0142aj st\u0105d te\u017c zapraszamy dzieci na to spotkanie z tym Dobrym \u015awi\u0119tym, a popo\u0142udniu o <strong>17:30 r\u00f3\u017caniec i\u00a0zmiana tajemnic r\u00f3\u017ca\u0144cowych<\/strong><\/li>\n<li><strong>OP\u0141ATKI WIGILIJNE,<\/strong> ju\u017c od dzisiejszej niedzieli mo\u017cna naby\u0107 w zakrystii <em>(dobrowolne ofiary sk\u0142adane z tej okazji przeznaczone b\u0119d\u0105 na pokrycie koszt\u00f3w zwi\u0105zanych z pracami, kt\u00f3re prowadzimy w naszym ko\u015bciele),<\/em> w zakrystii mo\u017cna r\u00f3wnie\u017c naby\u0107 \u015bwiece wigilijne w cenie 10 z\u0142, ofiara przeznaczona b\u0119dzie na <strong>WIGILIJNE DZIE\u0141O POMOCY DZIECIOM, <\/strong><\/li>\n<li><strong>Dzi\u0119kujemy Rodzinom z ul. Rogozi\u0144skiego 5 kl. 3. za ofiary na sprz\u0105tanie ko\u015bcio\u0142a. W przysz\u0142\u0105 niedziel\u0119 o pomoc prosimy Rodziny mieszkaj\u0105ce przy ul. Rogozi\u0144skiego 11 kl. 1. Dzi\u0119kujemy za ofiary sk\u0142adane na tac\u0119 oraz wp\u0142acane na konto parafii. Dzi\u0119kujemy wszystkim, kt\u00f3rzy modlitw\u0105, cierpieniem i prac\u0105 wspieraj\u0105 nasz\u0105 parafi\u0119.<\/strong> Dzi\u015b zbi\u00f3rka do puszek, na pomoc ko\u015bcio\u0142owi w Jamajce. Taca z przysz\u0142ej niedzieli b\u0119dzie przeznaczona na WSD. Przysz\u0142a niedziela jest r\u00f3wnie\u017c <strong>Dniem Modlitwy i Pomocy Materialnej Ko\u015bcio\u0142owi na Wschodzie<\/strong> <em>(zbi\u00f3rka do puszek na ten cel)<\/em>,<\/li>\n<li><strong>Zach\u0119camy i prosimy o podj\u0119cie pos\u0142ugi lektora podczas Mszy \u015awi\u0119tych w zakrystii mo\u017cna wpisa\u0107 si\u0119 na konkretny dzie\u0144 i godzin\u0119<\/strong><\/li>\n<\/ol>\n<p><strong>Ko\u0144cz\u0105c dzisiejsz\u0105 Msz\u0119 \u015awi\u0119t\u0105, pami\u0119tajmy, \u017ce nasze spotkanie z Jezusem nie ogranicza si\u0119 jedynie do ko\u015bcio\u0142a. <\/strong><\/p>\n<p><strong>Pokazujmy innym naszymi s\u0142owami i czynami \u2013 w domu,\u00a0 <\/strong><strong>w szkole i w pracy, \u017ce spotkali\u015bmy \u017cywego Chrystusa.<\/strong><\/p>\n","protected":false},"excerpt":{"rendered":"<p>I NIEDZIELA ADWENTU OG\u0141OSZENIA DUSZPASTERSKIE Dzisiejsz\u0105 niedziel\u0105 rozpoczynamy Adwent, czas radosnego oczekiwania i przygotowania na przyj\u015bcie Chrystusa. Adwent rozpoczyna nowy rok liturgiczny i duszpasterski pod has\u0142em \u201eUczniowie \u2013 misjonarze\u201d W czasie adwentowego oczekiwania zapraszamy serdecznie wszystkich na RORATY, kt\u00f3re w naszym ko\u015bciele b\u0119dziemy prze\u017cywali codziennie od poniedzia\u0142ku do soboty o godz. 6:00, o godz. 5:30 &hellip; <\/p>\n<p class=\"link-more\"><a href=\"https:\/\/albert.przemyska.pl\/?p=2159\" class=\"more-link\">Czytaj dalej<span class=\"screen-reader-text\"> \u201eI Niedziela Adwentu &#8211; Og\u0142oszenia duszpasterskie\u201d<\/span><\/a><\/p>\n","protected":false},"author":2,"featured_media":1324,"comment_status":"closed","ping_status":"closed","sticky":false,"template":"","format":"standard","meta":{"footnotes":""},"categories":[3],"tags":[],"class_list":["post-2159","post","type-post","status-publish","format-standard","has-post-thumbnail","hentry","category-ogloszenia"],"_links":{"self":[{"href":"https:\/\/albert.przemyska.pl\/index.php?rest_route=\/wp\/v2\/posts\/2159","targetHints":{"allow":["GET"]}}],"collection":[{"href":"https:\/\/albert.przemyska.pl\/index.php?rest_route=\/wp\/v2\/posts"}],"about":[{"href":"https:\/\/albert.przemyska.pl\/index.php?rest_route=\/wp\/v2\/types\/post"}],"author":[{"embeddable":true,"href":"https:\/\/albert.przemyska.pl\/index.php?rest_route=\/wp\/v2\/users\/2"}],"replies":[{"embeddable":true,"href":"https:\/\/albert.przemyska.pl\/index.php?rest_route=%2Fwp%2Fv2%2Fcomments&post=2159"}],"version-history":[{"count":1,"href":"https:\/\/albert.przemyska.pl\/index.php?rest_route=\/wp\/v2\/posts\/2159\/revisions"}],"predecessor-version":[{"id":2160,"href":"https:\/\/albert.przemyska.pl\/index.php?rest_route=\/wp\/v2\/posts\/2159\/revisions\/2160"}],"wp:featuredmedia":[{"embeddable":true,"href":"https:\/\/albert.przemyska.pl\/index.php?rest_route=\/wp\/v2\/media\/1324"}],"wp:attachment":[{"href":"https:\/\/albert.przemyska.pl\/index.php?rest_route=%2Fwp%2Fv2%2Fmedia&parent=2159"}],"wp:term":[{"taxonomy":"category","embeddable":true,"href":"https:\/\/albert.przemyska.pl\/index.php?rest_route=%2Fwp%2Fv2%2Fcategories&post=2159"},{"taxonomy":"post_tag","embeddable":true,"href":"https:\/\/albert.przemyska.pl\/index.php?rest_route=%2Fwp%2Fv2%2Ftags&post=2159"}],"curies":[{"name":"wp","href":"https:\/\/api.w.org\/{rel}","templated":true}]}}