{"id":2163,"date":"2025-12-01T16:35:25","date_gmt":"2025-12-01T15:35:25","guid":{"rendered":"https:\/\/albert.przemyska.pl\/?p=2163"},"modified":"2025-12-01T16:43:52","modified_gmt":"2025-12-01T15:43:52","slug":"listopadowy-wieczor-uwielbienia","status":"publish","type":"post","link":"https:\/\/albert.przemyska.pl\/?p=2163","title":{"rendered":"Listopadowy Wiecz\u00f3r Uwielbienia"},"content":{"rendered":"<p><img loading=\"lazy\" decoding=\"async\" class=\"wp-image-2168 alignleft\" src=\"https:\/\/albert.przemyska.pl\/wp-content\/uploads\/2025\/12\/WhatsApp-Image-2025-11-29-at-08.04.44-576x1024.jpeg\" alt=\"\" width=\"242\" height=\"430\" srcset=\"https:\/\/albert.przemyska.pl\/wp-content\/uploads\/2025\/12\/WhatsApp-Image-2025-11-29-at-08.04.44-576x1024.jpeg 576w, https:\/\/albert.przemyska.pl\/wp-content\/uploads\/2025\/12\/WhatsApp-Image-2025-11-29-at-08.04.44-169x300.jpeg 169w, https:\/\/albert.przemyska.pl\/wp-content\/uploads\/2025\/12\/WhatsApp-Image-2025-11-29-at-08.04.44-768x1365.jpeg 768w, https:\/\/albert.przemyska.pl\/wp-content\/uploads\/2025\/12\/WhatsApp-Image-2025-11-29-at-08.04.44-864x1536.jpeg 864w, https:\/\/albert.przemyska.pl\/wp-content\/uploads\/2025\/12\/WhatsApp-Image-2025-11-29-at-08.04.44.jpeg 1148w\" sizes=\"auto, (max-width: 242px) 100vw, 242px\" \/><\/p>\n<p>Ostatni pi\u0105tek ka\u017cdego miesi\u0105ca to w naszej parafii czas modlitwy uwielbienia. Nie inaczej by\u0142o 28 listopada. Po wieczornej Eucharystii uczestnicy \u015bpiewem i s\u0142owem chwalili Pana. Na zako\u0144czenie ka\u017cdy ch\u0119tny otrzyma\u0142 indywidualne b\u0142ogos\u0142awie\u0144stwo Naj\u015bwi\u0119tszym Sakramentem.<\/p>\n<p>Szczeg\u00f3lny czas modlitwy, jej miejsce i wsp\u00f3lnota, a przede wszystkim \u017cywa obecno\u015bci Jezusa Chrystusa, wydaj\u0105 konkretne owoce.<\/p>\n<p>&nbsp;<\/p>\n<p><em><strong>\u015awiadectwo<\/strong><\/em><\/p>\n<p style=\"text-align: left;\">&#8222;Ostatnio przechodz\u0119 trudny czas.\u00a0 Wczoraj wydarzy\u0142o si\u0119 co\u015b niesamowitego&#8230; Czu\u0142am, jak wszystkie l\u0119ki i niepokoje odchodz\u0105, a ich miejsce zajmuje ogromny pok\u00f3j i ufno\u015b\u0107 w Bogu, \u017ce Pan jest w tym wszystkim ze mn\u0105 i mnie przez to Morze Czerwone przeprowadzi. Nadal jest we mnie ten ogromny pok\u00f3j, nadzieja i mocno odczuwalna mi\u0142o\u015b\u0107 Pana i to jest niesamowite. Dzi\u0119kuj\u0119 Wam za ten cudowny wiecz\u00f3r, za modlitw\u0119 kt\u00f3ra\u00a0 dotkn\u0119\u0142a mojego serca, a przede wszystkim dzi\u0119kuje Panu za Jego namacaln\u0105 obecno\u015b\u0107. Chwa\u0142a Mu za to&#8221;.<br \/>\nOla<\/p>\n<p>Po wi\u0119cej zdj\u0119\u0107 zajrzyj na nasz profil na FB.<\/p>\n","protected":false},"excerpt":{"rendered":"<p>Ostatni pi\u0105tek ka\u017cdego miesi\u0105ca to w naszej parafii czas modlitwy uwielbienia. Nie inaczej by\u0142o 28 listopada. Po wieczornej Eucharystii uczestnicy \u015bpiewem i s\u0142owem chwalili Pana. Na zako\u0144czenie ka\u017cdy ch\u0119tny otrzyma\u0142 indywidualne b\u0142ogos\u0142awie\u0144stwo Naj\u015bwi\u0119tszym Sakramentem. Szczeg\u00f3lny czas modlitwy, jej miejsce i wsp\u00f3lnota, a przede wszystkim \u017cywa obecno\u015bci Jezusa Chrystusa, wydaj\u0105 konkretne owoce. &nbsp; \u015awiadectwo &#8222;Ostatnio przechodz\u0119 &hellip; <\/p>\n<p class=\"link-more\"><a href=\"https:\/\/albert.przemyska.pl\/?p=2163\" class=\"more-link\">Czytaj dalej<span class=\"screen-reader-text\"> \u201eListopadowy Wiecz\u00f3r Uwielbienia\u201d<\/span><\/a><\/p>\n","protected":false},"author":2,"featured_media":0,"comment_status":"closed","ping_status":"closed","sticky":false,"template":"","format":"standard","meta":{"footnotes":""},"categories":[7],"tags":[],"class_list":["post-2163","post","type-post","status-publish","format-standard","hentry","category-parafia"],"_links":{"self":[{"href":"https:\/\/albert.przemyska.pl\/index.php?rest_route=\/wp\/v2\/posts\/2163","targetHints":{"allow":["GET"]}}],"collection":[{"href":"https:\/\/albert.przemyska.pl\/index.php?rest_route=\/wp\/v2\/posts"}],"about":[{"href":"https:\/\/albert.przemyska.pl\/index.php?rest_route=\/wp\/v2\/types\/post"}],"author":[{"embeddable":true,"href":"https:\/\/albert.przemyska.pl\/index.php?rest_route=\/wp\/v2\/users\/2"}],"replies":[{"embeddable":true,"href":"https:\/\/albert.przemyska.pl\/index.php?rest_route=%2Fwp%2Fv2%2Fcomments&post=2163"}],"version-history":[{"count":9,"href":"https:\/\/albert.przemyska.pl\/index.php?rest_route=\/wp\/v2\/posts\/2163\/revisions"}],"predecessor-version":[{"id":2177,"href":"https:\/\/albert.przemyska.pl\/index.php?rest_route=\/wp\/v2\/posts\/2163\/revisions\/2177"}],"wp:attachment":[{"href":"https:\/\/albert.przemyska.pl\/index.php?rest_route=%2Fwp%2Fv2%2Fmedia&parent=2163"}],"wp:term":[{"taxonomy":"category","embeddable":true,"href":"https:\/\/albert.przemyska.pl\/index.php?rest_route=%2Fwp%2Fv2%2Fcategories&post=2163"},{"taxonomy":"post_tag","embeddable":true,"href":"https:\/\/albert.przemyska.pl\/index.php?rest_route=%2Fwp%2Fv2%2Ftags&post=2163"}],"curies":[{"name":"wp","href":"https:\/\/api.w.org\/{rel}","templated":true}]}}