{"id":2178,"date":"2025-12-04T23:04:58","date_gmt":"2025-12-04T22:04:58","guid":{"rendered":"https:\/\/albert.przemyska.pl\/?p=2178"},"modified":"2025-12-04T23:04:58","modified_gmt":"2025-12-04T22:04:58","slug":"rozpoczelismy-adwentowe-czuwanie-dla-dzieci","status":"publish","type":"post","link":"https:\/\/albert.przemyska.pl\/?p=2178","title":{"rendered":"Rozpocz\u0119li\u015bmy Adwentowe Czuwanie dla dzieci"},"content":{"rendered":"<div class=\"xdj266r x14z9mp xat24cr x1lziwak x1vvkbs x126k92a\">\n<div dir=\"auto\">W dzie\u0144 wspomnienia \u015bw. Barbary w naszym ko\u015bciele odby\u0142o si\u0119 pierwsze Adwentowe Czuwanie dla dzieci. <span style=\"font-size: 1rem;\">Najm\u0142odsi wyruszyli procesyjnie na Eucharysti\u0119 w parafialnej \u015bwi\u0105tyni, roz\u015bwietlaj\u0105c mrok grudniowej nocy kolorowymi lampionami. Wiele z nich przygotowali i ozdobili samodzielnie. Dzieci zebra\u0142y si\u0119 licznie, o co zadbali rodzice przyprowadzaj\u0105c swoje pociechy na wieczorn\u0105 Msz\u0119 \u015bwi\u0119t\u0105. Najm\u0142odsi z rado\u015bci\u0105, ale tak\u017ce nale\u017cyt\u0105 powag\u0105, modlili si\u0119 wraz ze zgromadzonymi w ko\u015bciele parafianami.\u00a0<\/span><\/div>\n<div dir=\"auto\"><\/div>\n<\/div>\n<div class=\"x14z9mp xat24cr x1lziwak x1vvkbs xtlvy1s x126k92a\">\n<div dir=\"auto\">Na kolejne czuwanie zapraszamy ju\u017c we wtorek, 11 grudnia.<\/div>\n<\/div>\n","protected":false},"excerpt":{"rendered":"<p>W dzie\u0144 wspomnienia \u015bw. Barbary w naszym ko\u015bciele odby\u0142o si\u0119 pierwsze Adwentowe Czuwanie dla dzieci. Najm\u0142odsi wyruszyli procesyjnie na Eucharysti\u0119 w parafialnej \u015bwi\u0105tyni, roz\u015bwietlaj\u0105c mrok grudniowej nocy kolorowymi lampionami. Wiele z nich przygotowali i ozdobili samodzielnie. Dzieci zebra\u0142y si\u0119 licznie, o co zadbali rodzice przyprowadzaj\u0105c swoje pociechy na wieczorn\u0105 Msz\u0119 \u015bwi\u0119t\u0105. Najm\u0142odsi z rado\u015bci\u0105, ale &hellip; <\/p>\n<p class=\"link-more\"><a href=\"https:\/\/albert.przemyska.pl\/?p=2178\" class=\"more-link\">Czytaj dalej<span class=\"screen-reader-text\"> \u201eRozpocz\u0119li\u015bmy Adwentowe Czuwanie dla dzieci\u201d<\/span><\/a><\/p>\n","protected":false},"author":2,"featured_media":2179,"comment_status":"closed","ping_status":"closed","sticky":false,"template":"","format":"standard","meta":{"footnotes":""},"categories":[3],"tags":[],"class_list":["post-2178","post","type-post","status-publish","format-standard","has-post-thumbnail","hentry","category-ogloszenia"],"_links":{"self":[{"href":"https:\/\/albert.przemyska.pl\/index.php?rest_route=\/wp\/v2\/posts\/2178","targetHints":{"allow":["GET"]}}],"collection":[{"href":"https:\/\/albert.przemyska.pl\/index.php?rest_route=\/wp\/v2\/posts"}],"about":[{"href":"https:\/\/albert.przemyska.pl\/index.php?rest_route=\/wp\/v2\/types\/post"}],"author":[{"embeddable":true,"href":"https:\/\/albert.przemyska.pl\/index.php?rest_route=\/wp\/v2\/users\/2"}],"replies":[{"embeddable":true,"href":"https:\/\/albert.przemyska.pl\/index.php?rest_route=%2Fwp%2Fv2%2Fcomments&post=2178"}],"version-history":[{"count":1,"href":"https:\/\/albert.przemyska.pl\/index.php?rest_route=\/wp\/v2\/posts\/2178\/revisions"}],"predecessor-version":[{"id":2180,"href":"https:\/\/albert.przemyska.pl\/index.php?rest_route=\/wp\/v2\/posts\/2178\/revisions\/2180"}],"wp:featuredmedia":[{"embeddable":true,"href":"https:\/\/albert.przemyska.pl\/index.php?rest_route=\/wp\/v2\/media\/2179"}],"wp:attachment":[{"href":"https:\/\/albert.przemyska.pl\/index.php?rest_route=%2Fwp%2Fv2%2Fmedia&parent=2178"}],"wp:term":[{"taxonomy":"category","embeddable":true,"href":"https:\/\/albert.przemyska.pl\/index.php?rest_route=%2Fwp%2Fv2%2Fcategories&post=2178"},{"taxonomy":"post_tag","embeddable":true,"href":"https:\/\/albert.przemyska.pl\/index.php?rest_route=%2Fwp%2Fv2%2Ftags&post=2178"}],"curies":[{"name":"wp","href":"https:\/\/api.w.org\/{rel}","templated":true}]}}