{"id":2181,"date":"2025-12-07T20:04:09","date_gmt":"2025-12-07T19:04:09","guid":{"rendered":"https:\/\/albert.przemyska.pl\/?p=2181"},"modified":"2025-12-07T20:04:09","modified_gmt":"2025-12-07T19:04:09","slug":"msza-swieta-w-intencji-gazownikow","status":"publish","type":"post","link":"https:\/\/albert.przemyska.pl\/?p=2181","title":{"rendered":"Msza \u015bwi\u0119ta w intencji gazownik\u00f3w"},"content":{"rendered":"<p>Zaledwie kilka dni po Barb\u00f3rce, w pierwsz\u0105 niedziel\u0119 grudnia, wsp\u00f3lnota parafialna modli\u0142a si\u0119 w intencjach obecnych i by\u0142ych pracownik\u00f3w przemyskiej Gazowni oraz ich rodzin. Podczas Eucharystii powierzano tak\u017ce Bo\u017cemu mi\u0142osierdziu zmar\u0142ych cz\u0142onk\u00f3w g\u00f3rniczej spo\u0142eczno\u015bci.<\/p>\n<p>Gazownia w Przemy\u015blu, znajduj\u0105ca si\u0119 na terenie naszej parafii, jest cz\u0119\u015bci\u0105 Polskiej Sp\u00f3\u0142ki Gazownictwa, kt\u00f3rej tradycje si\u0119gaj\u0105 pierwszej po\u0142owy XIX w.<\/p>\n<p>Gazownik\u00f3w nie uwa\u017ca si\u0119 zwykle za g\u00f3rnik\u00f3w, jednak<br \/>\nz wydobywaj\u0105cymi w\u0119giel \u0142\u0105czy ich praca pod ziemi\u0105 i ryzyko,<br \/>\na tak\u017ce tradycja \u015bwi\u0119towania Barb\u00f3rki (4 grudnia). \u015aw. Barbara jest bowiem\u00a0 patronk\u0105 g\u00f3rnik\u00f3w i trudnej pracy, kt\u00f3ra obejmuje r\u00f3wnie\u017c pracownik\u00f3w przemys\u0142u gazowniczego, zw\u0142aszcza tych pracuj\u0105cych przy odwiertach i wydobyciu.<\/p>\n<p>Pami\u0119tajmy w\u00a0 modlitwach o ludziach, dzi\u0119ki kt\u00f3rym dzia\u0142aj\u0105 urz\u0105dzenia zasilane gazem, u\u0142atwiaj\u0105ce codzienne \u017cycie.<\/p>\n","protected":false},"excerpt":{"rendered":"<p>Zaledwie kilka dni po Barb\u00f3rce, w pierwsz\u0105 niedziel\u0119 grudnia, wsp\u00f3lnota parafialna modli\u0142a si\u0119 w intencjach obecnych i by\u0142ych pracownik\u00f3w przemyskiej Gazowni oraz ich rodzin. Podczas Eucharystii powierzano tak\u017ce Bo\u017cemu mi\u0142osierdziu zmar\u0142ych cz\u0142onk\u00f3w g\u00f3rniczej spo\u0142eczno\u015bci. Gazownia w Przemy\u015blu, znajduj\u0105ca si\u0119 na terenie naszej parafii, jest cz\u0119\u015bci\u0105 Polskiej Sp\u00f3\u0142ki Gazownictwa, kt\u00f3rej tradycje si\u0119gaj\u0105 pierwszej po\u0142owy XIX w. &hellip; <\/p>\n<p class=\"link-more\"><a href=\"https:\/\/albert.przemyska.pl\/?p=2181\" class=\"more-link\">Czytaj dalej<span class=\"screen-reader-text\"> \u201eMsza \u015bwi\u0119ta w intencji gazownik\u00f3w\u201d<\/span><\/a><\/p>\n","protected":false},"author":2,"featured_media":2183,"comment_status":"closed","ping_status":"closed","sticky":false,"template":"","format":"standard","meta":{"footnotes":""},"categories":[3],"tags":[],"class_list":["post-2181","post","type-post","status-publish","format-standard","has-post-thumbnail","hentry","category-ogloszenia"],"_links":{"self":[{"href":"https:\/\/albert.przemyska.pl\/index.php?rest_route=\/wp\/v2\/posts\/2181","targetHints":{"allow":["GET"]}}],"collection":[{"href":"https:\/\/albert.przemyska.pl\/index.php?rest_route=\/wp\/v2\/posts"}],"about":[{"href":"https:\/\/albert.przemyska.pl\/index.php?rest_route=\/wp\/v2\/types\/post"}],"author":[{"embeddable":true,"href":"https:\/\/albert.przemyska.pl\/index.php?rest_route=\/wp\/v2\/users\/2"}],"replies":[{"embeddable":true,"href":"https:\/\/albert.przemyska.pl\/index.php?rest_route=%2Fwp%2Fv2%2Fcomments&post=2181"}],"version-history":[{"count":4,"href":"https:\/\/albert.przemyska.pl\/index.php?rest_route=\/wp\/v2\/posts\/2181\/revisions"}],"predecessor-version":[{"id":2187,"href":"https:\/\/albert.przemyska.pl\/index.php?rest_route=\/wp\/v2\/posts\/2181\/revisions\/2187"}],"wp:featuredmedia":[{"embeddable":true,"href":"https:\/\/albert.przemyska.pl\/index.php?rest_route=\/wp\/v2\/media\/2183"}],"wp:attachment":[{"href":"https:\/\/albert.przemyska.pl\/index.php?rest_route=%2Fwp%2Fv2%2Fmedia&parent=2181"}],"wp:term":[{"taxonomy":"category","embeddable":true,"href":"https:\/\/albert.przemyska.pl\/index.php?rest_route=%2Fwp%2Fv2%2Fcategories&post=2181"},{"taxonomy":"post_tag","embeddable":true,"href":"https:\/\/albert.przemyska.pl\/index.php?rest_route=%2Fwp%2Fv2%2Ftags&post=2181"}],"curies":[{"name":"wp","href":"https:\/\/api.w.org\/{rel}","templated":true}]}}