{"id":2188,"date":"2025-12-07T20:25:01","date_gmt":"2025-12-07T19:25:01","guid":{"rendered":"https:\/\/albert.przemyska.pl\/?p=2188"},"modified":"2025-12-07T20:25:01","modified_gmt":"2025-12-07T19:25:01","slug":"spotkanie-ze-sw-mikolajem","status":"publish","type":"post","link":"https:\/\/albert.przemyska.pl\/?p=2188","title":{"rendered":"Spotkanie ze \u015bw. Miko\u0142ajem"},"content":{"rendered":"<p>Na zaproszenie Prezydenta Miasta Przemy\u015bla oraz klubu Radni Wsp\u00f3lnie dla Przemy\u015bla, do naszego parafialnego ko\u015bcio\u0142a zawita\u0142<br \/>\nw\u00a0 niedziel\u0119 (7 grudnia) \u015awi\u0119ty Miko\u0142aj. Przywi\u00f3z\u0142 ze sob\u0105 i rozdzieli\u0142 pomi\u0119dzy dzieci sto paczek ze s\u0142odyczami.<\/p>\n<p>Tradycja obdarowywania dzieci w dniu wspomnienia \u015bw. Miko\u0142aja nawi\u0105zuje do licznych przyk\u0142ad\u00f3w jego szczodro\u015bci, a przede wszystkim potajemnie wr\u0119czanych upomink\u00f3w. Obyczaj ten znany jest od dawna w ca\u0142ej Europie i podtrzymywany zar\u00f3wno w rodzinach,<br \/>\njak i lokalnych spo\u0142eczno\u015bciach.<\/p>\n<p>Po wi\u0119cej zdj\u0119\u0107 zapraszamy na parafialne konto FB.<\/p>\n","protected":false},"excerpt":{"rendered":"<p>Na zaproszenie Prezydenta Miasta Przemy\u015bla oraz klubu Radni Wsp\u00f3lnie dla Przemy\u015bla, do naszego parafialnego ko\u015bcio\u0142a zawita\u0142 w\u00a0 niedziel\u0119 (7 grudnia) \u015awi\u0119ty Miko\u0142aj. Przywi\u00f3z\u0142 ze sob\u0105 i rozdzieli\u0142 pomi\u0119dzy dzieci sto paczek ze s\u0142odyczami. Tradycja obdarowywania dzieci w dniu wspomnienia \u015bw. Miko\u0142aja nawi\u0105zuje do licznych przyk\u0142ad\u00f3w jego szczodro\u015bci, a przede wszystkim potajemnie wr\u0119czanych upomink\u00f3w. Obyczaj ten &hellip; <\/p>\n<p class=\"link-more\"><a href=\"https:\/\/albert.przemyska.pl\/?p=2188\" class=\"more-link\">Czytaj dalej<span class=\"screen-reader-text\"> \u201eSpotkanie ze \u015bw. Miko\u0142ajem\u201d<\/span><\/a><\/p>\n","protected":false},"author":2,"featured_media":2190,"comment_status":"closed","ping_status":"closed","sticky":false,"template":"","format":"standard","meta":{"footnotes":""},"categories":[3],"tags":[],"class_list":["post-2188","post","type-post","status-publish","format-standard","has-post-thumbnail","hentry","category-ogloszenia"],"_links":{"self":[{"href":"https:\/\/albert.przemyska.pl\/index.php?rest_route=\/wp\/v2\/posts\/2188","targetHints":{"allow":["GET"]}}],"collection":[{"href":"https:\/\/albert.przemyska.pl\/index.php?rest_route=\/wp\/v2\/posts"}],"about":[{"href":"https:\/\/albert.przemyska.pl\/index.php?rest_route=\/wp\/v2\/types\/post"}],"author":[{"embeddable":true,"href":"https:\/\/albert.przemyska.pl\/index.php?rest_route=\/wp\/v2\/users\/2"}],"replies":[{"embeddable":true,"href":"https:\/\/albert.przemyska.pl\/index.php?rest_route=%2Fwp%2Fv2%2Fcomments&post=2188"}],"version-history":[{"count":3,"href":"https:\/\/albert.przemyska.pl\/index.php?rest_route=\/wp\/v2\/posts\/2188\/revisions"}],"predecessor-version":[{"id":2193,"href":"https:\/\/albert.przemyska.pl\/index.php?rest_route=\/wp\/v2\/posts\/2188\/revisions\/2193"}],"wp:featuredmedia":[{"embeddable":true,"href":"https:\/\/albert.przemyska.pl\/index.php?rest_route=\/wp\/v2\/media\/2190"}],"wp:attachment":[{"href":"https:\/\/albert.przemyska.pl\/index.php?rest_route=%2Fwp%2Fv2%2Fmedia&parent=2188"}],"wp:term":[{"taxonomy":"category","embeddable":true,"href":"https:\/\/albert.przemyska.pl\/index.php?rest_route=%2Fwp%2Fv2%2Fcategories&post=2188"},{"taxonomy":"post_tag","embeddable":true,"href":"https:\/\/albert.przemyska.pl\/index.php?rest_route=%2Fwp%2Fv2%2Ftags&post=2188"}],"curies":[{"name":"wp","href":"https:\/\/api.w.org\/{rel}","templated":true}]}}