{"id":2194,"date":"2025-12-08T11:57:27","date_gmt":"2025-12-08T10:57:27","guid":{"rendered":"https:\/\/albert.przemyska.pl\/?p=2194"},"modified":"2025-12-08T11:57:27","modified_gmt":"2025-12-08T10:57:27","slug":"ii-niedziela-adwentu-ogloszenia-duszpasterskie","status":"publish","type":"post","link":"https:\/\/albert.przemyska.pl\/?p=2194","title":{"rendered":"II Niedziela Adwentu &#8211; Og\u0142oszenia duszpasterskie"},"content":{"rendered":"<p><strong>II NIEDZIELA ADWENTU<\/strong><\/p>\n<p><strong>OG\u0141OSZENIA DUSZPASTERSKIE<\/strong><\/p>\n<ol>\n<li>Dzisiejsza niedziela jest Dniem Modlitwy i Solidarno\u015bci z Ko\u015bcio\u0142ami na Wschodzie. Ofiary sk\u0142adane do puszek b\u0119d\u0105 przeznaczone na pomoc wsp\u00f3lnotom katolickim na wschodzie,<\/li>\n<\/ol>\n<p><strong>O godz. 17:30 r\u00f3\u017caniec i zmiana tajemnic r\u00f3\u017ca\u0144cowych<\/strong><\/p>\n<ol start=\"2\">\n<li><strong>Msze \u015awi\u0119te RORATNIE <\/strong>w naszym ko\u015bciele <strong>od poniedzia\u0142ku do soboty<\/strong> o <strong> 6:00 rano<\/strong>, przed Msz\u0105 \u015awi\u0119t\u0105 o <strong>godz. 5:30 Godzinki ku Czci NIEPOKALANIE POCZ\u0118TEJ.<\/strong> Zach\u0119camy do uczestnictwa w tym adwentowym czuwaniu<strong>. Roraty dla dzieci w tym tygodniu we wtorek i\u00a0czwartek o godz. 18:00<\/strong><\/li>\n<li>W najbli\u017cszy poniedzia\u0142ek, 8 grudnia, przypada uroczysto\u015b\u0107 <strong>Niepokalanego Pocz\u0119cia Naj\u015bwi\u0119tszej Maryi Panny. Od godz. 12:00 do 13:00 \u201eGODZINA \u0141ASKI\u201d, zapraszamy do prze\u017cycia tego wyj\u0105tkowego czasu na osobistej modlitwie w ciszy przed wystawionym Naj\u015bwi\u0119tszym Sakramencie. <\/strong><\/li>\n<\/ol>\n<p>Po Mszy \u015awi\u0119tej wieczornej zapraszamy na spotkanie <strong>\u201eMatki w\u00a0modlitwie\u201d<\/strong><\/p>\n<ol start=\"4\">\n<li><strong>Nabo\u017ce\u0144stwa w naszym ko\u015bciele:<\/strong><\/li>\n<\/ol>\n<ul>\n<li>w \u015brod\u0119 <strong>Nowenna do MB Nieustaj\u0105cej Pomocy<\/strong><\/li>\n<li>w czwartek <strong>Nowenna do \u015bw. Brata Alberta,<\/strong><\/li>\n<li>w pi\u0105tek od godz. <strong>17:00 Adoracja Naj\u015bwi\u0119tszego Sakramentu,<\/strong><\/li>\n<\/ul>\n<ol start=\"5\">\n<li><strong>Spotkania formacyjne:<\/strong><\/li>\n<\/ol>\n<ul>\n<li><strong>Wtorek o godz. 18:00 dla kl. VI,<\/strong><\/li>\n<li><strong>\u015aroda o godz. 18:00 dla kl. VII,<\/strong><\/li>\n<li><strong>Czwartek: <\/strong><\/li>\n<li><strong> 16:30 dla kl. VIII, to spotkanie poprowadzi Ewangelizator Witold Wilk<\/strong><\/li>\n<li><strong> 17:30 dla dzieci kl. I-V<\/strong><\/li>\n<\/ul>\n<p><em>Spotkania formacyjne s\u0105 wa\u017cn\u0105 cz\u0119\u015bci\u0105 przygotowania m\u0142odzie\u017cy do sakrament\u00f3w \u015bwi\u0119tych i\u00a0\u017cycia w ko\u015bciele. Prosimy zatem o pilne uczestnictwo w tych spotkaniach, a rodzic\u00f3w o solidarn\u0105 wsp\u00f3\u0142prac\u0119 z nami. Otoczmy \u017cyczliw\u0105 trosk\u0105 i modlitw\u0105 nasze dzieci i m\u0142odzie\u017c. <\/em><\/p>\n<ol start=\"6\">\n<li><strong>W przysz\u0142\u0105 niedziel\u0119 po ka\u017cdej Mszy \u015awi\u0119tej, przed ko\u015bcio\u0142em odb\u0119dzie si\u0119 kwesta Towarzystwa Przyjaci\u00f3\u0142 \u015aw. Brata Alberta <\/strong><\/li>\n<li><strong>W zakrystii mo\u017cna naby\u0107 \u015bwiece wigilijne oraz op\u0142atki, doch\u00f3d ze sprzeda\u017cy \u015bwiec przeznaczony b\u0119dzie na rzecz dzieci z ubogich rodzin, natomiast dobrowolna ofiara za op\u0142atki jest przeznaczona na prace prowadzone w naszym ko\u015bciele <\/strong><\/li>\n<li><strong>Dzi\u0119kujemy Rodzinom z ul. Rogozi\u0144skiego 11 kl. 1 za ofiary na sprz\u0105tanie ko\u015bcio\u0142a. W przysz\u0142\u0105 niedziel\u0119 o pomoc prosimy Rodziny mieszkaj\u0105ce przy ul. Rogozi\u0144skiego 11 kl. II. <\/strong>Dzi\u0119kujemy za ofiary sk\u0142adane na tac\u0119 oraz wp\u0142acane na konto parafii. Dzi\u0119kujemy wszystkim, kt\u00f3rzy modlitw\u0105, cierpieniem i prac\u0105 wspieraj\u0105 nasz\u0105 parafi\u0119. Taca z dzisiejszej niedzieli przeznaczona b\u0119dzie na WSD natomiast <strong>taca z przysz\u0142ej niedzieli na prace prowadzone w naszym ko\u015bciele<\/strong><\/li>\n<li><strong>Zach\u0119camy i prosimy o podj\u0119cie pos\u0142ugi ministranta i lektora w naszym ko\u015bciele <\/strong><\/li>\n<li>W tym tygodniu z naszej wsp\u00f3lnoty odeszli do wieczno\u015bci <strong>+HENRYK HEC<\/strong>. Zmar\u0142ych parafian, g\u00f3rnik\u00f3w, naszych bliskich zmar\u0142ych pole\u0107my mi\u0142osierdziu Bo\u017cemu: Dobry Jezu, a nasz Panie, daj im wieczne spoczywanie\u2026<\/li>\n<\/ol>\n<p><strong>Adwent to czas oczekiwania na Pana Jezusa. W nadchodz\u0105cym tygodniu starajmy si\u0119 dostrzega\u0107 w twarzy naszych bliskich, nauczycieli i koleg\u00f3w twarz samego Chrystusa. <\/strong><\/p>\n<p><strong>On przychodzi do nas tak\u017ce w drugim cz\u0142owieku.<\/strong><\/p>\n","protected":false},"excerpt":{"rendered":"<p>II NIEDZIELA ADWENTU OG\u0141OSZENIA DUSZPASTERSKIE Dzisiejsza niedziela jest Dniem Modlitwy i Solidarno\u015bci z Ko\u015bcio\u0142ami na Wschodzie. Ofiary sk\u0142adane do puszek b\u0119d\u0105 przeznaczone na pomoc wsp\u00f3lnotom katolickim na wschodzie, O godz. 17:30 r\u00f3\u017caniec i zmiana tajemnic r\u00f3\u017ca\u0144cowych Msze \u015awi\u0119te RORATNIE w naszym ko\u015bciele od poniedzia\u0142ku do soboty o 6:00 rano, przed Msz\u0105 \u015awi\u0119t\u0105 o godz. 5:30 &hellip; <\/p>\n<p class=\"link-more\"><a href=\"https:\/\/albert.przemyska.pl\/?p=2194\" class=\"more-link\">Czytaj dalej<span class=\"screen-reader-text\"> \u201eII Niedziela Adwentu &#8211; Og\u0142oszenia duszpasterskie\u201d<\/span><\/a><\/p>\n","protected":false},"author":2,"featured_media":1593,"comment_status":"closed","ping_status":"closed","sticky":false,"template":"","format":"standard","meta":{"footnotes":""},"categories":[3],"tags":[],"class_list":["post-2194","post","type-post","status-publish","format-standard","has-post-thumbnail","hentry","category-ogloszenia"],"_links":{"self":[{"href":"https:\/\/albert.przemyska.pl\/index.php?rest_route=\/wp\/v2\/posts\/2194","targetHints":{"allow":["GET"]}}],"collection":[{"href":"https:\/\/albert.przemyska.pl\/index.php?rest_route=\/wp\/v2\/posts"}],"about":[{"href":"https:\/\/albert.przemyska.pl\/index.php?rest_route=\/wp\/v2\/types\/post"}],"author":[{"embeddable":true,"href":"https:\/\/albert.przemyska.pl\/index.php?rest_route=\/wp\/v2\/users\/2"}],"replies":[{"embeddable":true,"href":"https:\/\/albert.przemyska.pl\/index.php?rest_route=%2Fwp%2Fv2%2Fcomments&post=2194"}],"version-history":[{"count":1,"href":"https:\/\/albert.przemyska.pl\/index.php?rest_route=\/wp\/v2\/posts\/2194\/revisions"}],"predecessor-version":[{"id":2195,"href":"https:\/\/albert.przemyska.pl\/index.php?rest_route=\/wp\/v2\/posts\/2194\/revisions\/2195"}],"wp:featuredmedia":[{"embeddable":true,"href":"https:\/\/albert.przemyska.pl\/index.php?rest_route=\/wp\/v2\/media\/1593"}],"wp:attachment":[{"href":"https:\/\/albert.przemyska.pl\/index.php?rest_route=%2Fwp%2Fv2%2Fmedia&parent=2194"}],"wp:term":[{"taxonomy":"category","embeddable":true,"href":"https:\/\/albert.przemyska.pl\/index.php?rest_route=%2Fwp%2Fv2%2Fcategories&post=2194"},{"taxonomy":"post_tag","embeddable":true,"href":"https:\/\/albert.przemyska.pl\/index.php?rest_route=%2Fwp%2Fv2%2Ftags&post=2194"}],"curies":[{"name":"wp","href":"https:\/\/api.w.org\/{rel}","templated":true}]}}