{"id":2196,"date":"2025-12-09T21:13:33","date_gmt":"2025-12-09T20:13:33","guid":{"rendered":"https:\/\/albert.przemyska.pl\/?p=2196"},"modified":"2025-12-09T21:13:33","modified_gmt":"2025-12-09T20:13:33","slug":"drugi-wieczor-adwentowego-czuwania-dla-dzieci","status":"publish","type":"post","link":"https:\/\/albert.przemyska.pl\/?p=2196","title":{"rendered":"Drugi wiecz\u00f3r adwentowego czuwania dla dzieci"},"content":{"rendered":"<p>Zmrok i deszcz nie zniech\u0119ci\u0142y najm\u0142odszych. Wieczorna Eucharystia<br \/>\n9 grudnia by\u0142a dla nich drugim adwentowym czuwaniem przy \u015bwietle lampion\u00f3w. Dzieci z przej\u0119ciem wys\u0142ucha\u0142y nauki o zagubionej owieczce, a rodzicie i opiekunowie \u2013 o potrzebie wiernego oczekiwania na powr\u00f3t b\u0142\u0105dz\u0105cych. Kolejna Msza \u015awi\u0119ta po\u0142\u0105czona z czuwaniem<br \/>\ndla najm\u0142odszych \u2013 ju\u017c we czwartek, 11 grudnia.<\/p>\n<p>Filmik do obejrzenia na naszym parafialnym FB.<\/p>\n","protected":false},"excerpt":{"rendered":"<p>Zmrok i deszcz nie zniech\u0119ci\u0142y najm\u0142odszych. Wieczorna Eucharystia 9 grudnia by\u0142a dla nich drugim adwentowym czuwaniem przy \u015bwietle lampion\u00f3w. Dzieci z przej\u0119ciem wys\u0142ucha\u0142y nauki o zagubionej owieczce, a rodzicie i opiekunowie \u2013 o potrzebie wiernego oczekiwania na powr\u00f3t b\u0142\u0105dz\u0105cych. Kolejna Msza \u015awi\u0119ta po\u0142\u0105czona z czuwaniem dla najm\u0142odszych \u2013 ju\u017c we czwartek, 11 grudnia. Filmik do &hellip; <\/p>\n<p class=\"link-more\"><a href=\"https:\/\/albert.przemyska.pl\/?p=2196\" class=\"more-link\">Czytaj dalej<span class=\"screen-reader-text\"> \u201eDrugi wiecz\u00f3r adwentowego czuwania dla dzieci\u201d<\/span><\/a><\/p>\n","protected":false},"author":2,"featured_media":2198,"comment_status":"closed","ping_status":"closed","sticky":false,"template":"","format":"standard","meta":{"footnotes":""},"categories":[3],"tags":[],"class_list":["post-2196","post","type-post","status-publish","format-standard","has-post-thumbnail","hentry","category-ogloszenia"],"_links":{"self":[{"href":"https:\/\/albert.przemyska.pl\/index.php?rest_route=\/wp\/v2\/posts\/2196","targetHints":{"allow":["GET"]}}],"collection":[{"href":"https:\/\/albert.przemyska.pl\/index.php?rest_route=\/wp\/v2\/posts"}],"about":[{"href":"https:\/\/albert.przemyska.pl\/index.php?rest_route=\/wp\/v2\/types\/post"}],"author":[{"embeddable":true,"href":"https:\/\/albert.przemyska.pl\/index.php?rest_route=\/wp\/v2\/users\/2"}],"replies":[{"embeddable":true,"href":"https:\/\/albert.przemyska.pl\/index.php?rest_route=%2Fwp%2Fv2%2Fcomments&post=2196"}],"version-history":[{"count":3,"href":"https:\/\/albert.przemyska.pl\/index.php?rest_route=\/wp\/v2\/posts\/2196\/revisions"}],"predecessor-version":[{"id":2201,"href":"https:\/\/albert.przemyska.pl\/index.php?rest_route=\/wp\/v2\/posts\/2196\/revisions\/2201"}],"wp:featuredmedia":[{"embeddable":true,"href":"https:\/\/albert.przemyska.pl\/index.php?rest_route=\/wp\/v2\/media\/2198"}],"wp:attachment":[{"href":"https:\/\/albert.przemyska.pl\/index.php?rest_route=%2Fwp%2Fv2%2Fmedia&parent=2196"}],"wp:term":[{"taxonomy":"category","embeddable":true,"href":"https:\/\/albert.przemyska.pl\/index.php?rest_route=%2Fwp%2Fv2%2Fcategories&post=2196"},{"taxonomy":"post_tag","embeddable":true,"href":"https:\/\/albert.przemyska.pl\/index.php?rest_route=%2Fwp%2Fv2%2Ftags&post=2196"}],"curies":[{"name":"wp","href":"https:\/\/api.w.org\/{rel}","templated":true}]}}