{"id":2400,"date":"2026-03-15T18:26:23","date_gmt":"2026-03-15T17:26:23","guid":{"rendered":"https:\/\/albert.przemyska.pl\/?p=2400"},"modified":"2026-03-16T20:42:51","modified_gmt":"2026-03-16T19:42:51","slug":"rozpoczelismy-misje-swiete","status":"publish","type":"post","link":"https:\/\/albert.przemyska.pl\/?p=2400","title":{"rendered":"Rozpocz\u0119li\u015bmy Misje \u015awi\u0119te"},"content":{"rendered":"<p>IV Niedziela Wielkiego Postu nazywana jest niedziel\u0105 Laetare, czyli rado\u015bci. W ten w\u0142a\u015bnie wyj\u0105tkowy dzie\u0144 wsp\u00f3lnota parafialna rozpocz\u0119\u0142a Misje \u015awi\u0119te. Ksi\u0105dz Proboszcz powita\u0142 g\u0142osz\u0105cego nauki misyjne ks. pra\u0142. Tadeusza Koc\u00f3ra i przypomnia\u0142, \u017ce od poniedzia\u0142ku obecny b\u0119dzie tak\u017ce ks. pra\u0142. Zbigniew G\u00f3ra. Zgromadzeni na Mszach \u015awi\u0119tych wierni wys\u0142uchali wprowadzenia oraz homilii, wyg\u0142oszonych przez misjonarza.<\/p>\n<p>Ksi\u0105dz pra\u0142at przypomnia\u0142, \u017ce Misje s\u0105 czasem umocnienia i o\u017cywienia wiary, tak wa\u017cnym i niezb\u0119dnym, jak trening dla sportowca si\u0119gaj\u0105cego po olimpijskie laury. Nagrod\u0105 chrze\u015bcijanina jest niebo, a \u0107wiczeniem &#8211; czynna mi\u0142o\u015b\u0107 Boga i bli\u017aniego. Nauki i praktyki misyjne b\u0119d\u0105 zatem pomoc\u0105 w walce ze zniech\u0119ceniem, s\u0142abo\u015bci\u0105 i bylejako\u015bci\u0105 \u017cycia duchowego.<\/p>\n<p>Przed nami sze\u015b\u0107 dni Misji \u015awi\u0119tych, kt\u00f3re oficjalnie zako\u0144czymy<br \/>\nw sobot\u0119, 21 marca, Msz\u0105 \u015awi\u0119t\u0105 celebrowan\u0105 po zako\u0144czeniu Drogi Krzy\u017cowej, prowadz\u0105cej ulicami parafii. Niech ten czas wyda pi\u0119kne owoce.<\/p>\n<p>&nbsp;<\/p>\n<p><img loading=\"lazy\" decoding=\"async\" class=\"aligncenter size-large wp-image-2401\" src=\"https:\/\/albert.przemyska.pl\/wp-content\/uploads\/2026\/03\/20260315_113228-1024x768.jpg\" alt=\"\" width=\"525\" height=\"394\" srcset=\"https:\/\/albert.przemyska.pl\/wp-content\/uploads\/2026\/03\/20260315_113228-1024x768.jpg 1024w, https:\/\/albert.przemyska.pl\/wp-content\/uploads\/2026\/03\/20260315_113228-300x225.jpg 300w, https:\/\/albert.przemyska.pl\/wp-content\/uploads\/2026\/03\/20260315_113228-768x576.jpg 768w, https:\/\/albert.przemyska.pl\/wp-content\/uploads\/2026\/03\/20260315_113228-1536x1152.jpg 1536w, https:\/\/albert.przemyska.pl\/wp-content\/uploads\/2026\/03\/20260315_113228-2048x1536.jpg 2048w\" sizes=\"auto, (max-width: 525px) 100vw, 525px\" \/><img loading=\"lazy\" decoding=\"async\" class=\"aligncenter size-large wp-image-2404\" src=\"https:\/\/albert.przemyska.pl\/wp-content\/uploads\/2026\/03\/20260315_113206-1024x768.jpg\" alt=\"\" width=\"525\" height=\"394\" srcset=\"https:\/\/albert.przemyska.pl\/wp-content\/uploads\/2026\/03\/20260315_113206-1024x768.jpg 1024w, https:\/\/albert.przemyska.pl\/wp-content\/uploads\/2026\/03\/20260315_113206-300x225.jpg 300w, https:\/\/albert.przemyska.pl\/wp-content\/uploads\/2026\/03\/20260315_113206-768x576.jpg 768w, https:\/\/albert.przemyska.pl\/wp-content\/uploads\/2026\/03\/20260315_113206-1536x1152.jpg 1536w, https:\/\/albert.przemyska.pl\/wp-content\/uploads\/2026\/03\/20260315_113206-2048x1536.jpg 2048w\" sizes=\"auto, (max-width: 525px) 100vw, 525px\" \/><img loading=\"lazy\" decoding=\"async\" class=\"aligncenter size-large wp-image-2402\" src=\"https:\/\/albert.przemyska.pl\/wp-content\/uploads\/2026\/03\/20260315_115142-1024x768.jpg\" alt=\"\" width=\"525\" height=\"394\" srcset=\"https:\/\/albert.przemyska.pl\/wp-content\/uploads\/2026\/03\/20260315_115142-1024x768.jpg 1024w, https:\/\/albert.przemyska.pl\/wp-content\/uploads\/2026\/03\/20260315_115142-300x225.jpg 300w, https:\/\/albert.przemyska.pl\/wp-content\/uploads\/2026\/03\/20260315_115142-768x576.jpg 768w, https:\/\/albert.przemyska.pl\/wp-content\/uploads\/2026\/03\/20260315_115142-1536x1152.jpg 1536w, https:\/\/albert.przemyska.pl\/wp-content\/uploads\/2026\/03\/20260315_115142-2048x1536.jpg 2048w\" sizes=\"auto, (max-width: 525px) 100vw, 525px\" \/><\/p>\n","protected":false},"excerpt":{"rendered":"<p>IV Niedziela Wielkiego Postu nazywana jest niedziel\u0105 Laetare, czyli rado\u015bci. W ten w\u0142a\u015bnie wyj\u0105tkowy dzie\u0144 wsp\u00f3lnota parafialna rozpocz\u0119\u0142a Misje \u015awi\u0119te. Ksi\u0105dz Proboszcz powita\u0142 g\u0142osz\u0105cego nauki misyjne ks. pra\u0142. Tadeusza Koc\u00f3ra i przypomnia\u0142, \u017ce od poniedzia\u0142ku obecny b\u0119dzie tak\u017ce ks. pra\u0142. Zbigniew G\u00f3ra. Zgromadzeni na Mszach \u015awi\u0119tych wierni wys\u0142uchali wprowadzenia oraz homilii, wyg\u0142oszonych przez misjonarza. Ksi\u0105dz &hellip; <\/p>\n<p class=\"link-more\"><a href=\"https:\/\/albert.przemyska.pl\/?p=2400\" class=\"more-link\">Czytaj dalej<span class=\"screen-reader-text\"> \u201eRozpocz\u0119li\u015bmy Misje \u015awi\u0119te\u201d<\/span><\/a><\/p>\n","protected":false},"author":2,"featured_media":2403,"comment_status":"closed","ping_status":"closed","sticky":false,"template":"","format":"standard","meta":{"footnotes":""},"categories":[3],"tags":[],"class_list":["post-2400","post","type-post","status-publish","format-standard","has-post-thumbnail","hentry","category-ogloszenia"],"_links":{"self":[{"href":"https:\/\/albert.przemyska.pl\/index.php?rest_route=\/wp\/v2\/posts\/2400","targetHints":{"allow":["GET"]}}],"collection":[{"href":"https:\/\/albert.przemyska.pl\/index.php?rest_route=\/wp\/v2\/posts"}],"about":[{"href":"https:\/\/albert.przemyska.pl\/index.php?rest_route=\/wp\/v2\/types\/post"}],"author":[{"embeddable":true,"href":"https:\/\/albert.przemyska.pl\/index.php?rest_route=\/wp\/v2\/users\/2"}],"replies":[{"embeddable":true,"href":"https:\/\/albert.przemyska.pl\/index.php?rest_route=%2Fwp%2Fv2%2Fcomments&post=2400"}],"version-history":[{"count":8,"href":"https:\/\/albert.przemyska.pl\/index.php?rest_route=\/wp\/v2\/posts\/2400\/revisions"}],"predecessor-version":[{"id":2414,"href":"https:\/\/albert.przemyska.pl\/index.php?rest_route=\/wp\/v2\/posts\/2400\/revisions\/2414"}],"wp:featuredmedia":[{"embeddable":true,"href":"https:\/\/albert.przemyska.pl\/index.php?rest_route=\/wp\/v2\/media\/2403"}],"wp:attachment":[{"href":"https:\/\/albert.przemyska.pl\/index.php?rest_route=%2Fwp%2Fv2%2Fmedia&parent=2400"}],"wp:term":[{"taxonomy":"category","embeddable":true,"href":"https:\/\/albert.przemyska.pl\/index.php?rest_route=%2Fwp%2Fv2%2Fcategories&post=2400"},{"taxonomy":"post_tag","embeddable":true,"href":"https:\/\/albert.przemyska.pl\/index.php?rest_route=%2Fwp%2Fv2%2Ftags&post=2400"}],"curies":[{"name":"wp","href":"https:\/\/api.w.org\/{rel}","templated":true}]}}