{"id":2500,"date":"2026-04-26T09:47:17","date_gmt":"2026-04-26T07:47:17","guid":{"rendered":"https:\/\/albert.przemyska.pl\/?p=2500"},"modified":"2026-04-26T09:47:17","modified_gmt":"2026-04-26T07:47:17","slug":"iv-niedziela-wielkanocna-ogloszenia-duszpasterskie","status":"publish","type":"post","link":"https:\/\/albert.przemyska.pl\/?p=2500","title":{"rendered":"IV Niedziela Wielkanocna &#8211; Og\u0142oszenia duszpasterskie"},"content":{"rendered":"<p><strong>IV NIEDZIELA WIELKANOCY<\/strong><\/p>\n<p><strong>OG\u0141OSZENIA DUSZPASTERSKIE<\/strong><\/p>\n<ol>\n<li>Dzisiejsza niedziela <strong>\u201eDOBREGO PASTERZA\u201d<\/strong> jest \u015awiatowym Dniem Modlitw o\u00a0Powo\u0142ania Kap\u0142a\u0144skie i Zakonne. Rozpoczynaj\u0105 si\u0119 te\u017c kwartalne dni modlitw o\u00a0powo\u0142ania do s\u0142u\u017cby w Ko\u015bciele.<\/li>\n<\/ol>\n<ul>\n<li>Dzi\u015b o godz. <strong>17:30<\/strong> Nabo\u017ce\u0144stwo r\u00f3\u017ca\u0144cowe w intencji rodzin naszej parafii oraz dzieci przygotowuj\u0105cych si\u0119 do I Komunii \u015awi\u0119tej i m\u0142odzie\u017cy, kt\u00f3ra przyjmie sakrament bierzmowania.<\/li>\n<\/ul>\n<ol start=\"2\">\n<li><strong>Dzieci przygotowuj\u0105ce si\u0119 do I Komunii \u015awi\u0119tej zapraszamy na spotkanie w poniedzia\u0142ek i\u00a0\u015brod\u0119 na godz. 18:00<\/strong><\/li>\n<li><strong>\u015aroda<\/strong> \u2013 Nowenna do M.B. Nieustaj\u0105cej Pomocy<\/li>\n<li><strong>Czwartek<\/strong> \u2013<strong>Nowenna do \u015bw. Brata Alberta. O godz. 17:30 spotkanie dla dzieci z kl I-V<\/strong><\/li>\n<li><strong>W tym tygodniu pierwszy pi\u0105tek, sobota miesi\u0105ca<\/strong><\/li>\n<\/ol>\n<ul>\n<li><strong>Pi\u0105tek<\/strong> rozpocz\u0119cie nabo\u017ce\u0144stw majowych <em>(nabo\u017ce\u0144stwa majowe codziennie o godz. 17:30),<\/em><\/li>\n<li><strong>Odwiedzimy r\u00f3wnie\u017c chorych z pos\u0142ug\u0105 sakramentaln\u0105,<\/strong><\/li>\n<li><strong>od<\/strong> <strong> 17:00<\/strong> w<strong>ystawienie Naj\u015bwi\u0119tszego Sakramentu<\/strong> <strong>i mo\u017cliwo\u015b\u0107 spowiedzi \u015bw. <\/strong><\/li>\n<\/ul>\n<ol start=\"7\">\n<li>W sobot\u0119 <strong>Uroczysto\u015b\u0107 Naj\u015bwi\u0119tszej Maryi Panny, Kr\u00f3lowej Polski, <\/strong>przeniesiona z niedzieli. To tak\u017ce rocznica \u015bwi\u0119ce\u0144 biskupich <strong> bp. Krzysztofa Chudzio<\/strong><\/li>\n<\/ol>\n<p><strong>Msze \u015bwi\u0119te w porz\u0105dku niedzielnym 8:00, 10:00, 11:30 i 18:00 <\/strong><\/p>\n<ul>\n<li><strong>W sobot\u0119 zapraszamy na r\u00f3\u017caniec fatimski i nabo\u017ce\u0144stwo majowe godz. 17:00<\/strong><\/li>\n<\/ul>\n<ol start=\"8\">\n<li><strong>W przysz\u0142\u0105 niedziel\u0119 o 17:30 nabo\u017ce\u0144stwo majowe i zmiana tajemnic r\u00f3\u017ca\u0144cowych<\/strong><\/li>\n<li><strong>Dzi\u0119kujemy Rodzinom z ul. Rogozi\u0144skiego 17 kl. 5 za ofiary na sprz\u0105tanie ko\u015bcio\u0142a. W przysz\u0142\u0105 niedziele o pomoc prosimy Rodziny mieszkaj\u0105ce przy ul. Rogozi\u0144skiego 19 kl. 1. Dzi\u0119kujemy r\u00f3wnie\u017c za wszelkie ofiary sk\u0142adane na tac\u0119 i wp\u0142acane na konto parafii. B\u00f3g zap\u0142a\u0107<\/strong><\/li>\n<li><strong>W przysz\u0142\u0105 niedziel\u0119 przed ko\u015bcio\u0142em kwesta Towarzystwa pomocy \u015bw. Brata Alberta, a\u00a0taca b\u0119dzie przeznaczona na potrzeby archidiecezji<\/strong><\/li>\n<\/ol>\n<p><strong><br \/>\n<\/strong><\/p>\n","protected":false},"excerpt":{"rendered":"<p>IV NIEDZIELA WIELKANOCY OG\u0141OSZENIA DUSZPASTERSKIE Dzisiejsza niedziela \u201eDOBREGO PASTERZA\u201d jest \u015awiatowym Dniem Modlitw o\u00a0Powo\u0142ania Kap\u0142a\u0144skie i Zakonne. Rozpoczynaj\u0105 si\u0119 te\u017c kwartalne dni modlitw o\u00a0powo\u0142ania do s\u0142u\u017cby w Ko\u015bciele. Dzi\u015b o godz. 17:30 Nabo\u017ce\u0144stwo r\u00f3\u017ca\u0144cowe w intencji rodzin naszej parafii oraz dzieci przygotowuj\u0105cych si\u0119 do I Komunii \u015awi\u0119tej i m\u0142odzie\u017cy, kt\u00f3ra przyjmie sakrament bierzmowania. Dzieci przygotowuj\u0105ce &hellip; <\/p>\n<p class=\"link-more\"><a href=\"https:\/\/albert.przemyska.pl\/?p=2500\" class=\"more-link\">Czytaj dalej<span class=\"screen-reader-text\"> \u201eIV Niedziela Wielkanocna &#8211; Og\u0142oszenia duszpasterskie\u201d<\/span><\/a><\/p>\n","protected":false},"author":2,"featured_media":2027,"comment_status":"closed","ping_status":"closed","sticky":false,"template":"","format":"standard","meta":{"footnotes":""},"categories":[3],"tags":[],"class_list":["post-2500","post","type-post","status-publish","format-standard","has-post-thumbnail","hentry","category-ogloszenia"],"_links":{"self":[{"href":"https:\/\/albert.przemyska.pl\/index.php?rest_route=\/wp\/v2\/posts\/2500","targetHints":{"allow":["GET"]}}],"collection":[{"href":"https:\/\/albert.przemyska.pl\/index.php?rest_route=\/wp\/v2\/posts"}],"about":[{"href":"https:\/\/albert.przemyska.pl\/index.php?rest_route=\/wp\/v2\/types\/post"}],"author":[{"embeddable":true,"href":"https:\/\/albert.przemyska.pl\/index.php?rest_route=\/wp\/v2\/users\/2"}],"replies":[{"embeddable":true,"href":"https:\/\/albert.przemyska.pl\/index.php?rest_route=%2Fwp%2Fv2%2Fcomments&post=2500"}],"version-history":[{"count":1,"href":"https:\/\/albert.przemyska.pl\/index.php?rest_route=\/wp\/v2\/posts\/2500\/revisions"}],"predecessor-version":[{"id":2501,"href":"https:\/\/albert.przemyska.pl\/index.php?rest_route=\/wp\/v2\/posts\/2500\/revisions\/2501"}],"wp:featuredmedia":[{"embeddable":true,"href":"https:\/\/albert.przemyska.pl\/index.php?rest_route=\/wp\/v2\/media\/2027"}],"wp:attachment":[{"href":"https:\/\/albert.przemyska.pl\/index.php?rest_route=%2Fwp%2Fv2%2Fmedia&parent=2500"}],"wp:term":[{"taxonomy":"category","embeddable":true,"href":"https:\/\/albert.przemyska.pl\/index.php?rest_route=%2Fwp%2Fv2%2Fcategories&post=2500"},{"taxonomy":"post_tag","embeddable":true,"href":"https:\/\/albert.przemyska.pl\/index.php?rest_route=%2Fwp%2Fv2%2Ftags&post=2500"}],"curies":[{"name":"wp","href":"https:\/\/api.w.org\/{rel}","templated":true}]}}