{"id":393,"date":"2019-03-31T09:12:56","date_gmt":"2019-03-31T07:12:56","guid":{"rendered":"https:\/\/albert.przemyska.pl\/?p=393"},"modified":"2019-03-31T09:15:03","modified_gmt":"2019-03-31T07:15:03","slug":"4-niedziela-wielkiego-postu-31-03-2019","status":"publish","type":"post","link":"https:\/\/albert.przemyska.pl\/?p=393","title":{"rendered":"4 NIEDZIELA WIELKIEGO POSTU 31.03.2019."},"content":{"rendered":"\n<p style=\"color:#a807ff;text-align:center\" class=\"has-text-color has-medium-font-size\">OG\u0141OSZENIA DUSZPASTERSKIE<\/p>\n\n\n\n<div class=\"wp-block-image\"><figure class=\"alignleft is-resized\"><img loading=\"lazy\" decoding=\"async\" src=\"https:\/\/albert.przemyska.pl\/wp-content\/uploads\/2019\/03\/4-niedziela-wielkiego-postu.jpg\" alt=\"\" class=\"wp-image-394\" width=\"259\" height=\"173\" srcset=\"https:\/\/albert.przemyska.pl\/wp-content\/uploads\/2019\/03\/4-niedziela-wielkiego-postu.jpg 450w, https:\/\/albert.przemyska.pl\/wp-content\/uploads\/2019\/03\/4-niedziela-wielkiego-postu-300x200.jpg 300w\" sizes=\"auto, (max-width: 259px) 100vw, 259px\" \/><\/figure><\/div>\n\n\n\n<ol class=\"wp-block-list\"><li><strong>Po Mszy \u015bw. o godz. 15:30 adoracja Naj\u015bwi\u0119tszego Sakramentu. O godz. 17:15 zapraszamy na nabo\u017ce\u0144stwo GORZKICH \u017bALI z kazaniem pasyjnym. <\/strong><\/li><li><strong>Pod ch\u00f3rem s\u0105 wy\u0142o\u017cone wielkanocne paschaliki i baranki w cenie 5 z\u0142. Zach\u0119camy do wielkopostnej ja\u0142mu\u017cny na rzecz chorych i cierpi\u0105cych w podesz\u0142ym wieku. <\/strong><\/li><li><strong>W PI\u0104TEK rozpoczniemy PARAFIALNE REKOLEKCJE WIELKOPOSTNE, kt\u00f3re poprowadzi ks. Marek Szcz\u0119sny, wyk\u0142adowca naszego Seminarium a tak\u017ce wikariusz parafii na Kmieciach. DROGA KRZY\u017bOWA o godz. 16:30 dla dzieci szkolnych. Rekolekcyjna droga krzy\u017cowa o godz. 17:30. O godz. 20:00 droga krzy\u017cowa po\u0142\u0105czona z nauk\u0105 rekolekcyjn\u0105 dla m\u0142odzie\u017cy [zapraszamy m\u0142odzie\u017c klas VI, VII i VIII, gimnazjaln\u0105 &#8211; w ramach spotkania formacyjnego, a tak\u017ce m\u0142odzie\u017c ze szk\u00f3\u0142 \u015brednich i pracuj\u0105c\u0105].<\/strong><\/li><li><strong>W SOBOT\u0118 od godz. 9:30 spowied\u017a dla starszych i chorych, a godz. 10:00 Msza \u015bw. dla chorych i cierpi\u0105cych z sakramentem namaszczenia i modlitw\u0105 przed Naj\u015bwi\u0119tszym Sakramentem [nie b\u0119dzie Mszy \u015bw. o 6:30!]. Bardzo prosimy o przywiezienie starszych i\u00a0chorych na czas tej modlitwy. Wieczorem o godz. 18:00 Msza \u015bw. z nauk\u0105 rekolekcyjn\u0105.<\/strong><\/li><li><strong>W NIEDZIEL\u0118 nauki rekolekcyjne b\u0119d\u0105 na wszystkich Mszach \u015bw. Natomiast po Mszach \u015bw. o godz. 10:00 i 11:30 b\u0119d\u0105 katechezy dla ma\u0142\u017conk\u00f3w i rodzic\u00f3w. W czasie Gorzkich \u017bali rekolekcyjne kazanie pasyjne.<\/strong><\/li><li><strong>W PONIEDZIA\u0141EK od godz. 17:00 mo\u017cliwo\u015b\u0107 spowiedzi na zako\u0144czenie naszych rekolekcji. O godz. 18:00 Msza \u015bw. z nauk\u0105 i zako\u0144czenie parafialnych rekolekcji. Przypominamy, \u017ce PARAFIALNA SPOWIED\u0179 PRZED\u015aWI\u0104TECZNA \u2013 w Wielk\u0105 \u015arod\u0119 przed po\u0142udniem 10:00-12:00; po po\u0142udniu od 16:00\u201320:00. Prosimy zatem o modlitw\u0119 w intencji rekolekcjonisty i ca\u0142ej naszej parafialnej wsp\u00f3lnoty.<\/strong><\/li><li><strong>Dzi\u0119kujemy parafianom z III klatki bloku nr 3 przy ul. Rogozi\u0144skiego za ofiary na sprz\u0105tanie i wystr\u00f3j \u015bwi\u0105tyni. Teraz prosimy o ofiary parafian z klatki IV bloku nr 3.<\/strong><\/li><li><strong>Rycerskie i Szpitalne Bractwo \u015bw. \u0141azarza organizuj\u0105 w przysz\u0142\u0105 niedziel\u0119 PRZEMYSKIE POLA NADZIEI. Wolontariusze z \u017conkilami b\u0119d\u0105 przy \u015bwi\u0105tyniach zbiera\u0107 datki na tworzenie w Przemy\u015blu Hospicjum BETANIA przy ul. S\u0142owackiego.<\/strong><\/li><li><strong>Nast\u0105pi\u0142a zmiana terminu rozpocz\u0119cia KATECHEZ PRZEDMA\u0141\u017bE\u0143SKICH w naszej parafii \u2013 pocz\u0105tek we wtorek &#8211; 2 kwietnia o godz. 18:45 w kaplicy Ecce Homo<\/strong><\/li><li><strong>Niech lektura prasy katolickiej, rozwa\u017canie s\u0142owa Bo\u017cego w czasie rekolekcji parafialnych, pomo\u017ce nam g\u0142\u0119biej prze\u017cywa\u0107 wielkopostny czas przemiany i nawr\u00f3cenia<\/strong>.<\/li><\/ol>\n","protected":false},"excerpt":{"rendered":"<p>OG\u0141OSZENIA DUSZPASTERSKIE Po Mszy \u015bw. o godz. 15:30 adoracja Naj\u015bwi\u0119tszego Sakramentu. O godz. 17:15 zapraszamy na nabo\u017ce\u0144stwo GORZKICH \u017bALI z kazaniem pasyjnym. Pod ch\u00f3rem s\u0105 wy\u0142o\u017cone wielkanocne paschaliki i baranki w cenie 5 z\u0142. Zach\u0119camy do wielkopostnej ja\u0142mu\u017cny na rzecz chorych i cierpi\u0105cych w podesz\u0142ym wieku. W PI\u0104TEK rozpoczniemy PARAFIALNE REKOLEKCJE WIELKOPOSTNE, kt\u00f3re poprowadzi ks. &hellip; <\/p>\n<p class=\"link-more\"><a href=\"https:\/\/albert.przemyska.pl\/?p=393\" class=\"more-link\">Czytaj dalej<span class=\"screen-reader-text\"> \u201e4 NIEDZIELA WIELKIEGO POSTU 31.03.2019.\u201d<\/span><\/a><\/p>\n","protected":false},"author":1,"featured_media":0,"comment_status":"closed","ping_status":"closed","sticky":false,"template":"","format":"standard","meta":{"footnotes":""},"categories":[3],"tags":[],"class_list":["post-393","post","type-post","status-publish","format-standard","hentry","category-ogloszenia"],"_links":{"self":[{"href":"https:\/\/albert.przemyska.pl\/index.php?rest_route=\/wp\/v2\/posts\/393","targetHints":{"allow":["GET"]}}],"collection":[{"href":"https:\/\/albert.przemyska.pl\/index.php?rest_route=\/wp\/v2\/posts"}],"about":[{"href":"https:\/\/albert.przemyska.pl\/index.php?rest_route=\/wp\/v2\/types\/post"}],"author":[{"embeddable":true,"href":"https:\/\/albert.przemyska.pl\/index.php?rest_route=\/wp\/v2\/users\/1"}],"replies":[{"embeddable":true,"href":"https:\/\/albert.przemyska.pl\/index.php?rest_route=%2Fwp%2Fv2%2Fcomments&post=393"}],"version-history":[{"count":4,"href":"https:\/\/albert.przemyska.pl\/index.php?rest_route=\/wp\/v2\/posts\/393\/revisions"}],"predecessor-version":[{"id":399,"href":"https:\/\/albert.przemyska.pl\/index.php?rest_route=\/wp\/v2\/posts\/393\/revisions\/399"}],"wp:attachment":[{"href":"https:\/\/albert.przemyska.pl\/index.php?rest_route=%2Fwp%2Fv2%2Fmedia&parent=393"}],"wp:term":[{"taxonomy":"category","embeddable":true,"href":"https:\/\/albert.przemyska.pl\/index.php?rest_route=%2Fwp%2Fv2%2Fcategories&post=393"},{"taxonomy":"post_tag","embeddable":true,"href":"https:\/\/albert.przemyska.pl\/index.php?rest_route=%2Fwp%2Fv2%2Ftags&post=393"}],"curies":[{"name":"wp","href":"https:\/\/api.w.org\/{rel}","templated":true}]}}