{"id":400,"date":"2019-04-07T10:42:35","date_gmt":"2019-04-07T08:42:35","guid":{"rendered":"https:\/\/albert.przemyska.pl\/?p=400"},"modified":"2019-04-07T10:42:35","modified_gmt":"2019-04-07T08:42:35","slug":"5-niedziela-wielkiego-postu-7-04-2019","status":"publish","type":"post","link":"https:\/\/albert.przemyska.pl\/?p=400","title":{"rendered":"5 NIEDZIELA WIELKIEGO POSTU 7.04.2019."},"content":{"rendered":"\n<p style=\"text-align:center\"><strong>OG\u0141OSZENIA DUSZPASTERSKIE<\/strong><\/p>\n\n\n\n<ol class=\"wp-block-list\"><li>Zgodnie z wielkopostn\u0105 polsk\u0105 tradycj\u0105 od dzisiejszej niedzieli zas\u0142aniamy wizerunek Chrystusa ukrzy\u017cowanego. Pozostaje on zas\u0142oni\u0119ty a\u017c do liturgii Wielkiego Pi\u0105tku. Jest to czas, aby odkrywa\u0107 zbawczy sens tajemnicy m\u0119ki i \u015bmierci Chrystusa na krzy\u017cu.<\/li><li>Trwaj\u0105 nasze PARAFIALNE REKOLEKCJE WIELKOPOSTNE. Nauki rekolekcyjne b\u0119d\u0105 na wszystkich Mszach \u015bw. Natomiast po Mszy \u015bw. o godz. 10:00 i 11:30 b\u0119d\u0105 katechezy dla ma\u0142\u017conk\u00f3w i rodzic\u00f3w. O godz. 17:15 GORZKIE \u017bALE z rekolekcyjnym kazaniem pasyjnym i zmiana tajemnic r\u00f3\u017ca\u0144ca. Pod ch\u00f3rem jeszcze s\u0105 wielkanocne baranki. Dzisiejsza sk\u0142adka przeznaczona jest na Seminarium Duchowne, a za tydzie\u0144 na potrzeby naszej parafii. Wolontariusze Bractwa \u015aw. \u0141azarza b\u0119d\u0105 dzisiaj przy \u015bwi\u0105tyniach zbiera\u0107 datki na tworzenie w Przemy\u015blu Hospicjum BETANIA przy ul. S\u0142owackiego.Zach\u0119camy do hojno\u015bci serca.<\/li><li>W PONIEDZIA\u0141EK od godz. 17:00 mo\u017cliwo\u015b\u0107 spowiedzi na zako\u0144czenie naszych rekolekcji. O godz. 18:00 Msza \u015bw. z nauk\u0105 i zako\u0144czenie parafialnych rekolekcji.Przypominamy, \u017ce SPOWIED\u0179 PRZED\u015aWI\u0104TECZNA \u2013 w WIELK\u0104 \u015aROD\u0118 przed po\u0142udniem od 10:00 &#8211; 12:00; po po\u0142udniu od 16:00 \u2013 20:00 z przerw\u0105 na wieczorn\u0105 Msz\u0119 \u015bw.<\/li><li>W pi\u0105tek droga krzy\u017cowa dla dzieci o godz. 16.30. Wieczorem natomiast, wzorem lat ubieg\u0142ych, planujemy wsp\u00f3ln\u0105 PLENEROW\u0104 DROG\u0118 KRZY\u017bOW\u0104. Nasz\u0105 wsp\u00f3ln\u0105<br> modlitw\u0119 rozpoczniemy Msz\u0105 \u015bw. godz. 18:00 w naszej \u015bwi\u0105tyni, a nast\u0119pnie ok. godz. 18.45 udamy si\u0119 ulicami naszej parafii, rozwa\u017caj\u0105c stacje m\u0119ki Pa\u0144skiej. Zapraszamy wszystkich parafian, nawet starszych, ale r\u00f3wnie\u017c m\u0142odzie\u017c, rodzic\u00f3w i dzieci do wsp\u00f3lnego prze\u017cycia misterium Drogi Krzy\u017cowej. Nie ma tak\u017ce nabo\u017ce\u0144stwa o 17.30 i 20.00.<\/li><li>Za tydzie\u0144 niedziela M\u0119ki Pa\u0144skiej, czyli Niedziela Palmowa. Po\u015bwi\u0119cenie palm na wszystkich Mszach \u015bw. W najbli\u017cszy pi\u0105tek rozpoczyna si\u0119 w Dukli \u2013 SPOTKANIE M\u0141ODZIE\u017bY ARCHIDIECEZJI PRZEMYSKIEJ i potrwa do Niedzieli Palmowej.<\/li><li>Prezydent Miasta Przemy\u015bla zaprasza mieszka\u0144c\u00f3w na \u015awi\u0105teczny Jarmark Wielkanocny w dniach od 12-14 kwietnia na przemyskim Rynku.<\/li><li>Stowarzyszenie Rodzin Ofiar Katynia zaprasza w przysz\u0142\u0105 sobot\u0119 na godz. 11:00 na uroczyst\u0105 Msz\u0119 \u015bw. w intencji ofiar Zbrodni Katy\u0144skiej w ko\u015bciele OO. Karmelit\u00f3w.<\/li><li>Dzi\u0119kujemy parafianom z IV klatki bloku nr 3 przy ul. Rogozi\u0144skiego za ofiary na sprz\u0105tanie i wystr\u00f3j \u015bwi\u0105tyni. Teraz prosimy o ofiary parafian z klatki I bloku nr 2.<\/li><li>Zach\u0119camy do lektury prasy katolickiej w kt\u00f3rej sporo pasyjnych zamy\u015ble\u0144. W GO\u015aCIU NIEDZIELNYM jako bezp\u0142atny dodatek p\u0142yta DVD \u2013 IGNACY LOYOLA. Jest to barwnie opowiedziana historia dramatycznych i prze\u0142omowych moment\u00f3w z \u017cycia \u015bw. Ignacego za\u0142o\u017cyciela Jezuit\u00f3w. Zach\u0119camy gor\u0105co do lektury.<\/li><\/ol>\n","protected":false},"excerpt":{"rendered":"<p>OG\u0141OSZENIA DUSZPASTERSKIE Zgodnie z wielkopostn\u0105 polsk\u0105 tradycj\u0105 od dzisiejszej niedzieli zas\u0142aniamy wizerunek Chrystusa ukrzy\u017cowanego. Pozostaje on zas\u0142oni\u0119ty a\u017c do liturgii Wielkiego Pi\u0105tku. Jest to czas, aby odkrywa\u0107 zbawczy sens tajemnicy m\u0119ki i \u015bmierci Chrystusa na krzy\u017cu. Trwaj\u0105 nasze PARAFIALNE REKOLEKCJE WIELKOPOSTNE. Nauki rekolekcyjne b\u0119d\u0105 na wszystkich Mszach \u015bw. Natomiast po Mszy \u015bw. o godz. 10:00 &hellip; <\/p>\n<p class=\"link-more\"><a href=\"https:\/\/albert.przemyska.pl\/?p=400\" class=\"more-link\">Czytaj dalej<span class=\"screen-reader-text\"> \u201e5 NIEDZIELA WIELKIEGO POSTU 7.04.2019.\u201d<\/span><\/a><\/p>\n","protected":false},"author":1,"featured_media":401,"comment_status":"closed","ping_status":"closed","sticky":false,"template":"","format":"standard","meta":{"footnotes":""},"categories":[3],"tags":[],"class_list":["post-400","post","type-post","status-publish","format-standard","has-post-thumbnail","hentry","category-ogloszenia"],"_links":{"self":[{"href":"https:\/\/albert.przemyska.pl\/index.php?rest_route=\/wp\/v2\/posts\/400","targetHints":{"allow":["GET"]}}],"collection":[{"href":"https:\/\/albert.przemyska.pl\/index.php?rest_route=\/wp\/v2\/posts"}],"about":[{"href":"https:\/\/albert.przemyska.pl\/index.php?rest_route=\/wp\/v2\/types\/post"}],"author":[{"embeddable":true,"href":"https:\/\/albert.przemyska.pl\/index.php?rest_route=\/wp\/v2\/users\/1"}],"replies":[{"embeddable":true,"href":"https:\/\/albert.przemyska.pl\/index.php?rest_route=%2Fwp%2Fv2%2Fcomments&post=400"}],"version-history":[{"count":1,"href":"https:\/\/albert.przemyska.pl\/index.php?rest_route=\/wp\/v2\/posts\/400\/revisions"}],"predecessor-version":[{"id":402,"href":"https:\/\/albert.przemyska.pl\/index.php?rest_route=\/wp\/v2\/posts\/400\/revisions\/402"}],"wp:featuredmedia":[{"embeddable":true,"href":"https:\/\/albert.przemyska.pl\/index.php?rest_route=\/wp\/v2\/media\/401"}],"wp:attachment":[{"href":"https:\/\/albert.przemyska.pl\/index.php?rest_route=%2Fwp%2Fv2%2Fmedia&parent=400"}],"wp:term":[{"taxonomy":"category","embeddable":true,"href":"https:\/\/albert.przemyska.pl\/index.php?rest_route=%2Fwp%2Fv2%2Fcategories&post=400"},{"taxonomy":"post_tag","embeddable":true,"href":"https:\/\/albert.przemyska.pl\/index.php?rest_route=%2Fwp%2Fv2%2Ftags&post=400"}],"curies":[{"name":"wp","href":"https:\/\/api.w.org\/{rel}","templated":true}]}}