{"id":403,"date":"2019-04-14T17:47:52","date_gmt":"2019-04-14T15:47:52","guid":{"rendered":"https:\/\/albert.przemyska.pl\/?p=403"},"modified":"2019-04-14T17:47:52","modified_gmt":"2019-04-14T15:47:52","slug":"niedziela-palmowa-14-04-2019-ogloszenia-duszpasterskie","status":"publish","type":"post","link":"https:\/\/albert.przemyska.pl\/?p=403","title":{"rendered":"NIEDZIELA PALMOWA 14.04.2019. OG\u0141OSZENIA DUSZPASTERSKIE"},"content":{"rendered":"\n<ol class=\"wp-block-list\"><li>NIEDZIEL\u0104 M\u0118KI PA\u0143SKIEJ rozpoczynamy WIELKI TYDZIE\u0143, kt\u00f3ry wprowadza nas w prze\u017cywanie z wiar\u0105 \u015bwi\u0105t paschalnych. Po Mszy \u015bw. o godz. 15:30 adoracja Naj\u015bwi\u0119tszego Sakramentu. Natomiast o godz. 17:15 nabo\u017ce\u0144stwo GORZKICH \u017bALI z kazaniem pasyjnym. Dzisiejsza sk\u0142adka na potrzeby parafii przeznaczona jest na witra\u017ce w naszym ko\u015bciele.<\/li><li>W WIELK\u0104 \u015aROD\u0118 parafialna SPOWIED\u0179 \u2013 przed po\u0142udniem: od 10:00 \u2013 12:00, po po\u0142udniu: 16:00 \u2013 18:00, przerwa na Msz\u0119 \u015bw. i od 18:30 \u2013 20:00. W \u015brod\u0119 od godz. 12:30 udamy si\u0119 do chorych, kt\u00f3rych nie odwiedzamy w pierwsze pi\u0105tki miesi\u0105ca ze spowiedzi\u0105 i Komuni\u0105 \u015bw. wielkanocn\u0105. Prosimy by zg\u0142osi\u0107 ich w zakrystii. Ks. proboszcz odwiedzi w \u015brod\u0119 tak\u017ce tych, do kt\u00f3rych chodzi na pierwsze pi\u0105tki miesi\u0105ca. W poniedzia\u0142ek spowied\u017a na Kmieciach, a we wtorek w \u015aw. Tr\u00f3jcy i u Ksi\u0119\u017cy Salezjan\u00f3w.  <\/li><li>Jak co roku TOWARZYSTWO \u015aW. BRATA ALBERTA prosi o ofiarowanie wypiek\u00f3w na wielkanocny st\u00f3\u0142 do Schroniska dla Bezdomnych przy ul. Focha. Pami\u0119tajmy r\u00f3wnie\u017c o ubogich.<\/li><li>Dzi\u0119kujemy parafianom z I klatki bloku nr 2 przy ul. Rogozi\u0144skiego za ofiary na sprz\u0105tanie i wystr\u00f3j \u015bwi\u0105tyni. Teraz prosimy o ofiary parafian z klatki II bloku nr 2. GO\u015a\u0106 NIEDZIELNY i NIEDZIELA mog\u0105 nas dobrze przygotowa\u0107 do pe\u0142nego wiary prze\u017cycia najwi\u0119kszych tajemnic wiary celebrowanych w czasie \u015awi\u0105t Paschalnych. Zach\u0119camy do lektury.<\/li><\/ol>\n\n\n\n<p style=\"text-align:center\" class=\"has-text-color has-large-font-size has-vivid-red-color\"><strong>\u015aWI\u0118TE TRIDUUM PASCHALNE <\/strong><\/p>\n\n\n\n<ul class=\"wp-block-list\"><li>W WIELKI CZWARTEK Msza \u015bw. Wieczerzy Pa\u0144skiej o godz. 18:00, a po niej adoracja Pana Jezusa w Ciemnicy do godz. 22:00. Ciemnica tradycyjnie b\u0119dzie w kaplicy ECCE HOMO. Od godz. 21:00 \u2013 22:00 adoracji przewodniczy wsp\u00f3lnota Oazowa Domowego Ko\u015bcio\u0142a.<\/li><li>W WIELKI PI\u0104TEK zapraszamy rano na godz. 8:30 na I cz\u0119\u015b\u0107 Gorzkich \u017bali, a o godz. 9:00 na Drog\u0119 Krzy\u017cow\u0105. W ci\u0105gu dnia zach\u0119camy do modlitewnego nawiedzenia ciemnicy i czuwania razem z Chrystusem cierpi\u0105cym. W Wielki Pi\u0105tek obowi\u0105zuje post \u015bcis\u0142y [ilo\u015bciowy i jako\u015bciowy]. Plan adoracji dla R\u00f3\u017c R\u00f3\u017ca\u0144cowych i Akcji Katolickiej b\u0119dzie wywieszony w gablocie. O godz. 15:00 Koronka do Bo\u017cego Mi\u0142osierdzia i Droga Krzy\u017cowa w godzinie mi\u0142osierdzia. O godz. 17:30 zapraszamy na II cz\u0119\u015b\u0107 Gorzkich \u017bali i rozpocz\u0119cie nowenny do Bo\u017cego Mi\u0142osierdzia. Po zako\u0144czeniu liturgii Wielkiego Pi\u0105tku od\u015bpiewamy III cz\u0119\u015b\u0107 Gorzkich \u017bali. LITURGIA KU CZCI M\u0118KI PA\u0143SKIEJ rozpocznie si\u0119 o godz. 18:00. Adoracja w Wielki Pi\u0105tek r\u00f3wnie\u017c do 22:00. Od godz. 21:00 adoracj\u0119 poprowadzi m\u0142odzie\u017c.<\/li><li>WIELKA SOBOTA jest pami\u0105tk\u0105 spoczynku Pana w grobie. Niech ka\u017cdy znajdzie czas, aby z ca\u0142\u0105 rodzin\u0105 przyj\u015b\u0107 na adoracj\u0119 Krzy\u017ca i modlitw\u0119 przy grobie Chrystusa. W tym dniu nie ma obowi\u0105zku postu, ale zach\u0119camy do powstrzymania si\u0119 od spo\u017cywania mi\u0119sa. Zapraszamy rano o godz. 8:30 na modlitw\u0119 JUTRZNI\u0104 przy grobie Pana Jezusa prowadzon\u0105 przez Kr\u0105g Biblijny. \u015aWI\u0118CENIE POKARM\u00d3W wielkanocnych w Wielk\u0105 Sobot\u0119 &#8211; co godzin\u0119 od 9:00 do 15:00.<\/li><li>LITURGIA WIGILII PASCHALNEJ rozpocznie si\u0119 o godz. 19:00. prosimy przynie\u015b\u0107 \u015bwiece zabezpieczone przed kapaniem wosku na posadzk\u0119. Czuwanie paschalne po\u0142\u0105czone ze \u015bpiewem pie\u015bni wielkanocnych do godz. 21:00.<\/li><li>REZUREKCJA o godz. 6:00 rano z procesj\u0105 wok\u00f3\u0142 ko\u015bcio\u0142a. W Niedziel\u0119 Zmartwychwstania nie b\u0119dzie Mszy \u015bw. o godz. 8:00 i 18:00. W poniedzia\u0142ek wielkanocny nie b\u0119dzie Mszy o 18:00. Zapraszamy dawnych lektor\u00f3w i ministrant\u00f3w do s\u0142u\u017cby przy o\u0142tarzu w czasie paschalnych liturgii.<\/li><\/ul>\n","protected":false},"excerpt":{"rendered":"<p>NIEDZIEL\u0104 M\u0118KI PA\u0143SKIEJ rozpoczynamy WIELKI TYDZIE\u0143, kt\u00f3ry wprowadza nas w prze\u017cywanie z wiar\u0105 \u015bwi\u0105t paschalnych. Po Mszy \u015bw. o godz. 15:30 adoracja Naj\u015bwi\u0119tszego Sakramentu. Natomiast o godz. 17:15 nabo\u017ce\u0144stwo GORZKICH \u017bALI z kazaniem pasyjnym. Dzisiejsza sk\u0142adka na potrzeby parafii przeznaczona jest na witra\u017ce w naszym ko\u015bciele. W WIELK\u0104 \u015aROD\u0118 parafialna SPOWIED\u0179 \u2013 przed po\u0142udniem: od &hellip; <\/p>\n<p class=\"link-more\"><a href=\"https:\/\/albert.przemyska.pl\/?p=403\" class=\"more-link\">Czytaj dalej<span class=\"screen-reader-text\"> \u201eNIEDZIELA PALMOWA 14.04.2019. OG\u0141OSZENIA DUSZPASTERSKIE\u201d<\/span><\/a><\/p>\n","protected":false},"author":1,"featured_media":405,"comment_status":"closed","ping_status":"closed","sticky":false,"template":"","format":"standard","meta":{"footnotes":""},"categories":[3],"tags":[],"class_list":["post-403","post","type-post","status-publish","format-standard","has-post-thumbnail","hentry","category-ogloszenia"],"_links":{"self":[{"href":"https:\/\/albert.przemyska.pl\/index.php?rest_route=\/wp\/v2\/posts\/403","targetHints":{"allow":["GET"]}}],"collection":[{"href":"https:\/\/albert.przemyska.pl\/index.php?rest_route=\/wp\/v2\/posts"}],"about":[{"href":"https:\/\/albert.przemyska.pl\/index.php?rest_route=\/wp\/v2\/types\/post"}],"author":[{"embeddable":true,"href":"https:\/\/albert.przemyska.pl\/index.php?rest_route=\/wp\/v2\/users\/1"}],"replies":[{"embeddable":true,"href":"https:\/\/albert.przemyska.pl\/index.php?rest_route=%2Fwp%2Fv2%2Fcomments&post=403"}],"version-history":[{"count":1,"href":"https:\/\/albert.przemyska.pl\/index.php?rest_route=\/wp\/v2\/posts\/403\/revisions"}],"predecessor-version":[{"id":406,"href":"https:\/\/albert.przemyska.pl\/index.php?rest_route=\/wp\/v2\/posts\/403\/revisions\/406"}],"wp:featuredmedia":[{"embeddable":true,"href":"https:\/\/albert.przemyska.pl\/index.php?rest_route=\/wp\/v2\/media\/405"}],"wp:attachment":[{"href":"https:\/\/albert.przemyska.pl\/index.php?rest_route=%2Fwp%2Fv2%2Fmedia&parent=403"}],"wp:term":[{"taxonomy":"category","embeddable":true,"href":"https:\/\/albert.przemyska.pl\/index.php?rest_route=%2Fwp%2Fv2%2Fcategories&post=403"},{"taxonomy":"post_tag","embeddable":true,"href":"https:\/\/albert.przemyska.pl\/index.php?rest_route=%2Fwp%2Fv2%2Ftags&post=403"}],"curies":[{"name":"wp","href":"https:\/\/api.w.org\/{rel}","templated":true}]}}