{"id":566,"date":"2019-04-21T08:53:44","date_gmt":"2019-04-21T06:53:44","guid":{"rendered":"https:\/\/albert.przemyska.pl\/?p=566"},"modified":"2019-04-21T08:59:13","modified_gmt":"2019-04-21T06:59:13","slug":"niedziela-zmartwychwstania-panskiego-21-04-2019","status":"publish","type":"post","link":"https:\/\/albert.przemyska.pl\/?p=566","title":{"rendered":"NIEDZIELA ZMARTWYCHWSTANIA PA\u0143SKIEGO 21.04.2019."},"content":{"rendered":"\n<p style=\"color:#d4af0b;text-align:center\" class=\"has-text-color has-medium-font-size\">OG\u0141OSZENIA DUSZPASTERSKIE<\/p>\n\n\n\n<ol class=\"wp-block-list\"><li>ZMARTWYCHWSTANIE PA\u0143SKIE jest radosn\u0105 celebracj\u0105 paschalnego zwyci\u0119stwa Chrystusa nad grzechem i \u015bmierci\u0105. Dzisiejsza niedziela otwiera w \u017cyciu Ko\u015bcio\u0142a okres paschalny, kt\u00f3ry b\u0119dzie trwa\u0142 a\u017c do Niedzieli Zes\u0142ania Ducha \u015awi\u0119tego. W dniu dzisiejszym mo\u017cna uzyska\u0107 odpust zupe\u0142ny za przyj\u0119cie w pobo\u017cnym usposobieniu przez radio lub telewizj\u0119 papieskiego b\u0142ogos\u0142awie\u0144stwa URBI ET ORBI.Msze \u015bw. dzisiaj jeszcze o godz. 10:00, 11:30 i 15:30 [nie b\u0119dzie Mszy \u015bw. o godz. 18:00!]<\/li><li>Jutro PONIEDZIA\u0141EK WIELKANOCNY, drugi dzie\u0144 \u015awi\u0105t Paschalnych \u2013 porz\u0105dek Mszy \u015bw. niedzielny: 8:00; 10:00; 11:30 i 15.30 [nie b\u0119dzie Mszy \u015bw. o godz. 18:00!]. Zach\u0119camy do prze\u017cywania tego \u015bwi\u0105tecznego czasu w gronie rodziny i bliskich.<\/li><li>Najbli\u017csza niedziela jest \u015aWI\u0118TEM BO\u017bEGO MI\u0141OSIERDZIA. Trwamy w nowennie do Bo\u017cego Mi\u0142osierdzia, dlatego codziennie po Mszy \u015bw. wieczornej b\u0119dziemy odmawia\u0107 Koronk\u0119 do Mi\u0142osierdzia Bo\u017cego. W Niedziel\u0119 Mi\u0142osierdzia zbi\u00f3rka do puszek na Caritas.<\/li><li>W najbli\u017cszy pi\u0105tek z racji oktawy Wielkanocy, kt\u00f3ra jest przed\u0142u\u017ceniem \u015bwi\u0119towania pami\u0105tki Zmartwychwstania, nie obowi\u0105zuje wstrzemi\u0119\u017aliwo\u015b\u0107 od pokarm\u00f3w mi\u0119snych. W sobot\u0119 MARSZ \u015aWI\u0118TO\u015aCI \u017bYCIA. Rozpocz\u0119cie w katedrze Msz\u0105 \u015bw. o godz. 16:30.<\/li><li>Serdecznie dzi\u0119kujemy wszystkim, kt\u00f3rzy w przyczynili si\u0119 do godnego i\u00a0podnios\u0142ego prze\u017cycia \u015awi\u0119tego Triduum Paschalnego. Szczeg\u00f3lnie dzi\u0119kuj\u0119 ksi\u0119\u017com za trud w\u0142o\u017cony w przygotowanie liturgii z ministrantami i lektorami oraz za pos\u0142ug\u0119 w konfesjonale. Szczere wyrazy wdzi\u0119czno\u015bci za przygotowanie Ciemnicy i Bo\u017cego Grobu a tak\u017ce za udekorowanie<br> \u015bwi\u0105tyni &#8211; sk\u0142adamy Anecie i Robertowi Kielarom, pa\u0144stwu Brylonkom, Przemkowi Makowieckiemu oraz Marcinowi Pelcowi. Wszystkim lektorom i ministrantom za przygotowanie liturgii Triduum, a szczeg\u00f3lnie Maciejowi H\u0142adio. Dzi\u0119kujemy w spos\u00f3b wyj\u0105tkowy Ch\u00f3rowi VOX IUVENTUM za pi\u0119kn\u0105 i podnios\u0142\u0105 opraw\u0119 muzyczn\u0105 ca\u0142ego Triduum Paschalnego na r\u0119ce Piotra i Joanny Szel\u0105\u017ck\u00f3w, naszemu organi\u015bcie panu Franciszkowi \u0141amaszowi a tak\u017ce wszystkim adoruj\u0105cym Chrystusa w ciemnicy i przy Bo\u017cym Grobie.<\/li><li><\/li><li>Dzi\u0119kujemy parafianom z II klatki bloku nr 2 przy ul. Rogozi\u0144skiego za ofiary na sprz\u0105tanie i wystr\u00f3j \u015bwi\u0105tyni. Teraz prosimy o ofiary parafian z klatki I bloku nr 4.<\/li><\/ol>\n\n\n\n<figure class=\"wp-block-image\"><img loading=\"lazy\" decoding=\"async\" width=\"780\" height=\"362\" src=\"https:\/\/albert.przemyska.pl\/wp-content\/uploads\/2019\/04\/screenshot_20190421_085848.jpg\" alt=\"\" class=\"wp-image-570\" srcset=\"https:\/\/albert.przemyska.pl\/wp-content\/uploads\/2019\/04\/screenshot_20190421_085848.jpg 780w, https:\/\/albert.przemyska.pl\/wp-content\/uploads\/2019\/04\/screenshot_20190421_085848-300x139.jpg 300w, https:\/\/albert.przemyska.pl\/wp-content\/uploads\/2019\/04\/screenshot_20190421_085848-768x356.jpg 768w\" sizes=\"auto, (max-width: 767px) 89vw, (max-width: 1000px) 54vw, (max-width: 1071px) 543px, 580px\" \/><\/figure>\n\n\n\n<p style=\"text-align:center\" class=\"has-medium-font-size\"><strong>\u017bYCZENIA WIELKANOCNE<\/strong><strong><br> \u201d Oto jest dzie\u0144, kt\u00f3ry da\u0142 nam Pan. Weselmy si\u0119 i radujmy si\u0119 w nim!\u201d <br> Wszystkim Drogim Parafianom i Szanownym Go\u015bciom, z okazji \u015awi\u0105t Wielkanocnych pragniemy \u017cyczy\u0107, aby droga \u0142aski przebyta w czasie Wielkiego Postu razem z cierpi\u0105cym Zbawicielem, owocowa\u0142a w waszym \u017cyciu szczer\u0105 wiar\u0105 w Jego zwyci\u0119stwo nad grzechem i \u015bmierci\u0105. Niech Duch \u015awi\u0119ty rozlewa w sercach waszych pok\u00f3j Zmartwychwsta\u0142ego Pana, a Jego \u015bwiat\u0142o niech rozproszy wszelki cie\u0144 grzechu, l\u0119ku i niepokoju. Niech Chrystus Zmartwychwsta\u0142y b\u0119dzie dla was Moc\u0105 i\u00a0rado\u015bci\u0105 w codzienno\u015bci a tak\u017ce Nadziej\u0105 na przemian\u0119 w przeciwno\u015bciach \u017cycia. Pan przychodzi do waszych dom\u00f3w, rodzin i ka\u017cdego z was z darem swego pokoju i b\u0142ogos\u0142awie\u0144stwa!<\/strong><\/p>\n","protected":false},"excerpt":{"rendered":"<p>OG\u0141OSZENIA DUSZPASTERSKIE ZMARTWYCHWSTANIE PA\u0143SKIE jest radosn\u0105 celebracj\u0105 paschalnego zwyci\u0119stwa Chrystusa nad grzechem i \u015bmierci\u0105. Dzisiejsza niedziela otwiera w \u017cyciu Ko\u015bcio\u0142a okres paschalny, kt\u00f3ry b\u0119dzie trwa\u0142 a\u017c do Niedzieli Zes\u0142ania Ducha \u015awi\u0119tego. W dniu dzisiejszym mo\u017cna uzyska\u0107 odpust zupe\u0142ny za przyj\u0119cie w pobo\u017cnym usposobieniu przez radio lub telewizj\u0119 papieskiego b\u0142ogos\u0142awie\u0144stwa URBI ET ORBI.Msze \u015bw. dzisiaj jeszcze &hellip; <\/p>\n<p class=\"link-more\"><a href=\"https:\/\/albert.przemyska.pl\/?p=566\" class=\"more-link\">Czytaj dalej<span class=\"screen-reader-text\"> \u201eNIEDZIELA ZMARTWYCHWSTANIA PA\u0143SKIEGO 21.04.2019.\u201d<\/span><\/a><\/p>\n","protected":false},"author":1,"featured_media":568,"comment_status":"closed","ping_status":"closed","sticky":false,"template":"","format":"standard","meta":{"footnotes":""},"categories":[3],"tags":[],"class_list":["post-566","post","type-post","status-publish","format-standard","has-post-thumbnail","hentry","category-ogloszenia"],"_links":{"self":[{"href":"https:\/\/albert.przemyska.pl\/index.php?rest_route=\/wp\/v2\/posts\/566","targetHints":{"allow":["GET"]}}],"collection":[{"href":"https:\/\/albert.przemyska.pl\/index.php?rest_route=\/wp\/v2\/posts"}],"about":[{"href":"https:\/\/albert.przemyska.pl\/index.php?rest_route=\/wp\/v2\/types\/post"}],"author":[{"embeddable":true,"href":"https:\/\/albert.przemyska.pl\/index.php?rest_route=\/wp\/v2\/users\/1"}],"replies":[{"embeddable":true,"href":"https:\/\/albert.przemyska.pl\/index.php?rest_route=%2Fwp%2Fv2%2Fcomments&post=566"}],"version-history":[{"count":3,"href":"https:\/\/albert.przemyska.pl\/index.php?rest_route=\/wp\/v2\/posts\/566\/revisions"}],"predecessor-version":[{"id":571,"href":"https:\/\/albert.przemyska.pl\/index.php?rest_route=\/wp\/v2\/posts\/566\/revisions\/571"}],"wp:featuredmedia":[{"embeddable":true,"href":"https:\/\/albert.przemyska.pl\/index.php?rest_route=\/wp\/v2\/media\/568"}],"wp:attachment":[{"href":"https:\/\/albert.przemyska.pl\/index.php?rest_route=%2Fwp%2Fv2%2Fmedia&parent=566"}],"wp:term":[{"taxonomy":"category","embeddable":true,"href":"https:\/\/albert.przemyska.pl\/index.php?rest_route=%2Fwp%2Fv2%2Fcategories&post=566"},{"taxonomy":"post_tag","embeddable":true,"href":"https:\/\/albert.przemyska.pl\/index.php?rest_route=%2Fwp%2Fv2%2Ftags&post=566"}],"curies":[{"name":"wp","href":"https:\/\/api.w.org\/{rel}","templated":true}]}}