{"id":782,"date":"2020-06-02T17:37:14","date_gmt":"2020-06-02T15:37:14","guid":{"rendered":"https:\/\/albert.przemyska.pl\/?p=782"},"modified":"2020-06-02T17:37:14","modified_gmt":"2020-06-02T15:37:14","slug":"uroczystosc-zeslania-ducha-swietego-31-05-2020","status":"publish","type":"post","link":"https:\/\/albert.przemyska.pl\/?p=782","title":{"rendered":"UROCZYSTO\u015a\u0106 ZES\u0141ANIA DUCHA \u015aWI\u0118TEGO 31.05.2020."},"content":{"rendered":"\n<p class=\"has-text-color has-text-align-center has-medium-font-size has-vivid-red-color\"><strong>OG\u0141OSZENIA DUSZPASTERSKIE<\/strong><\/p>\n\n\n\n<ol class=\"wp-block-list\"><li>Uroczysto\u015b\u0107 Zes\u0142ania Ducha \u015aw. jest dzi\u0119kczynieniem Ko\u015bcio\u0142a za dary jakimi B\u00f3g ubogaca i umacnia wsp\u00f3lnot\u0119 wierz\u0105cych w g\u0142oszeniu Ewangelii. W dniu wczorajszym w naszej katedrze zosta\u0142o wy\u015bwi\u0119conych 8 nowych kap\u0142an\u00f3w. Polecajmy w modlitwie ich pos\u0142ug\u0119, wypraszaj\u0105c im obfite dary Ducha \u015aw. Dzi\u015b za odm\u00f3wienie hymnu O Stworzycielu Duchu przyjd\u017a, mo\u017cna zyska\u0107 odpust zupe\u0142ny.<\/li><li>Po Mszy \u015bw. o godz. 15.30 ADORACJA NAJ\u015aWI\u0118TSZEGO SAKRAMENTU, a o godz. 17.30 nabo\u017ce\u0144stwo majowe. Od poniedzia\u0142ku codziennie o godz. 17.30 nabo\u017ce\u0144stwo do Serca Pana Jezusa, a po nim wieczorna Msza \u015bw.<\/li><li>Jutro drugi dzie\u0144 Zielonych \u015awi\u0105t &#8211; \u015aWI\u0118TO MARYI MATKI KO\u015aCIO\u0141A. W naszej parafii Msze \u015bw. o godz. 8.00 i 18.00. Za tydzie\u0144 w niedziel\u0119 uroczysto\u015b\u0107 TR\u00d3JCY \u015aWI\u0118TEJ. Ko\u0144czy si\u0119 w\u00f3wczas okres Komunii \u015bw. wielkanocnej.<\/li><li>W tym tygodniu wypada pierwszy czwartek, pi\u0105tek i sobota miesi\u0105ca. W czwartek od godz. 17.00 ADORACJA Naj\u015bwi\u0119tszego Sakramentu. W pi\u0105tek SPOWIED\u0179 od godz. 16.00, a o godz. 16.45 Msza \u015bw. dla dzieci i m\u0142odzie\u017cy. Po przerwie udamy si\u0119 w pi\u0105tek do chorych o sta\u0142ych porach.<\/li><li>W czwartek wypada \u015aWI\u0118TO CHRYSTUSA NAJWY\u017bSZEGO KAP\u0141ANA. Jest to dzie\u0144 modlitwy o dar nowych powo\u0142a\u0144 kap\u0142a\u0144skich oraz o umocnieniewszystkich kap\u0142an\u00f3w w \u0142asce powo\u0142ania.<\/li><li>Dzi\u0119kujemy parafianom z VI klatki bloku nr 2 przy ul. R\u00f3wnej za ofiary na sprz\u0105tanie i wystr\u00f3j \u015bwi\u0105tyni. Teraz prosimy o ofiary parafian z kl. I bloku nr 16 przy ul. St. Augusta.<\/li><li>W tym tygodniu w liturgii wspominamy:<br>\uf0b7 \u015broda \u2013 \u015bw. Karola i Towarzyszy, m\u0119czennik\u00f3w<br>\uf0b7 wtorek \u2013 \u015bwi\u0119to Jezusa Chrystusa Najwy\u017cszego Kap\u0142ana<br>\uf0b7 pi\u0105tek \u2013 \u015bw. Bonifacego, bpa i m\u0119czennika<\/li><li>Serdecznie zach\u0119camy do lektury prasy katolickiej. W przemyskim dodatku NIEDZIELI sylwetki nowo wy\u015bwi\u0119conych diakon\u00f3w i neoprezbiter\u00f3w. Polecajmy ich pos\u0142ug\u0119 i pro\u015bmy o dar nowych powo\u0142a\u0144 do s\u0142u\u017cby Bo\u017cej \u2013 Pod Twoj\u0105 obron\u0119\u2026<\/li><\/ol>\n","protected":false},"excerpt":{"rendered":"<p>OG\u0141OSZENIA DUSZPASTERSKIE Uroczysto\u015b\u0107 Zes\u0142ania Ducha \u015aw. jest dzi\u0119kczynieniem Ko\u015bcio\u0142a za dary jakimi B\u00f3g ubogaca i umacnia wsp\u00f3lnot\u0119 wierz\u0105cych w g\u0142oszeniu Ewangelii. W dniu wczorajszym w naszej katedrze zosta\u0142o wy\u015bwi\u0119conych 8 nowych kap\u0142an\u00f3w. Polecajmy w modlitwie ich pos\u0142ug\u0119, wypraszaj\u0105c im obfite dary Ducha \u015aw. Dzi\u015b za odm\u00f3wienie hymnu O Stworzycielu Duchu przyjd\u017a, mo\u017cna zyska\u0107 odpust zupe\u0142ny. &hellip; <\/p>\n<p class=\"link-more\"><a href=\"https:\/\/albert.przemyska.pl\/?p=782\" class=\"more-link\">Czytaj dalej<span class=\"screen-reader-text\"> \u201eUROCZYSTO\u015a\u0106 ZES\u0141ANIA DUCHA \u015aWI\u0118TEGO 31.05.2020.\u201d<\/span><\/a><\/p>\n","protected":false},"author":1,"featured_media":783,"comment_status":"closed","ping_status":"closed","sticky":false,"template":"","format":"standard","meta":{"footnotes":""},"categories":[3],"tags":[],"class_list":["post-782","post","type-post","status-publish","format-standard","has-post-thumbnail","hentry","category-ogloszenia"],"_links":{"self":[{"href":"https:\/\/albert.przemyska.pl\/index.php?rest_route=\/wp\/v2\/posts\/782","targetHints":{"allow":["GET"]}}],"collection":[{"href":"https:\/\/albert.przemyska.pl\/index.php?rest_route=\/wp\/v2\/posts"}],"about":[{"href":"https:\/\/albert.przemyska.pl\/index.php?rest_route=\/wp\/v2\/types\/post"}],"author":[{"embeddable":true,"href":"https:\/\/albert.przemyska.pl\/index.php?rest_route=\/wp\/v2\/users\/1"}],"replies":[{"embeddable":true,"href":"https:\/\/albert.przemyska.pl\/index.php?rest_route=%2Fwp%2Fv2%2Fcomments&post=782"}],"version-history":[{"count":1,"href":"https:\/\/albert.przemyska.pl\/index.php?rest_route=\/wp\/v2\/posts\/782\/revisions"}],"predecessor-version":[{"id":784,"href":"https:\/\/albert.przemyska.pl\/index.php?rest_route=\/wp\/v2\/posts\/782\/revisions\/784"}],"wp:featuredmedia":[{"embeddable":true,"href":"https:\/\/albert.przemyska.pl\/index.php?rest_route=\/wp\/v2\/media\/783"}],"wp:attachment":[{"href":"https:\/\/albert.przemyska.pl\/index.php?rest_route=%2Fwp%2Fv2%2Fmedia&parent=782"}],"wp:term":[{"taxonomy":"category","embeddable":true,"href":"https:\/\/albert.przemyska.pl\/index.php?rest_route=%2Fwp%2Fv2%2Fcategories&post=782"},{"taxonomy":"post_tag","embeddable":true,"href":"https:\/\/albert.przemyska.pl\/index.php?rest_route=%2Fwp%2Fv2%2Ftags&post=782"}],"curies":[{"name":"wp","href":"https:\/\/api.w.org\/{rel}","templated":true}]}}