{"id":786,"date":"2020-06-07T13:21:34","date_gmt":"2020-06-07T11:21:34","guid":{"rendered":"https:\/\/albert.przemyska.pl\/?p=786"},"modified":"2020-06-07T13:21:34","modified_gmt":"2020-06-07T11:21:34","slug":"uroczystosc-trojcy-swietej-7-06-2020","status":"publish","type":"post","link":"https:\/\/albert.przemyska.pl\/?p=786","title":{"rendered":"UROCZYSTO\u015a\u0106 TR\u00d3JCY \u015aWI\u0118TEJ 7.06.2020."},"content":{"rendered":"\n<p class=\"has-text-color has-text-align-center has-medium-font-size has-vivid-red-color\"><strong>OG\u0141OSZENIA DUSZPASTERSKIE<\/strong><\/p>\n\n\n\n<ol class=\"wp-block-list\"><li><strong>UROCZYSTO\u015a\u0106 TR\u00d3JCY \u015aWI\u0118TEJ jest uwielbieniem tajemnicy Boga, kt\u00f3ry objawia si\u0119 nam w mi\u0142o\u015bci Ojca, Syna i Ducha \u015awi\u0119tego. Dzi\u015b uroczysto\u015b\u0107 odpustowa w parafii \u015awi\u0119tej Tr\u00f3jcy. Ko\u0144czy si\u0119 tak\u017ce dzisiaj okres Komunii \u015bw. wielkanocnej. Po Mszy \u015bw. o godz. 15.30 adoracja Naj\u015bwi\u0119tszego Sakramentu, a o godz. 17.30 nabo\u017ce\u0144stwo czerwcowe, a po nim zmiana tajemnic r\u00f3\u017ca\u0144cowych.Sk\u0142adka dzisiejsza na Seminarium Duchowne w Przemy\u015blu.<\/strong><\/li><li><strong>W czwartek UROCZYSTO\u015a\u0106 BO\u017bEGO CIA\u0141A. Ze wzgl\u0119du na stale istniej\u0105ce zagro\u017cenie epidemiczne, nie b\u0119dzie miejskiej procesji Bo\u017cego Cia\u0142a. W naszym ko\u015bciele Msze \u015bw. jak w ka\u017cd\u0105 niedziel\u0119: o godz. 8.00, 10.00, 11.30,15.30 i 18.00. Po Mszy \u015bw. o godz. 11.30 odb\u0119dzie si\u0119 procesja eucharystyczna wok\u00f3\u0142 ko\u015bcio\u0142a.<\/strong><\/li><li><strong>W pi\u0105tek po Bo\u017cym Ciele nie obowi\u0105zuje wstrzemi\u0119\u017aliwo\u015b\u0107 od pokarm\u00f3w mi\u0119snych. Abp Adam Szal udzieli\u0142 dyspensy dla ca\u0142ej archidiecezji. Po Mszy \u015bw. wieczornej w pi\u0105tek i sobot\u0119 procesja. Zapraszamy do udzia\u0142u w procesji dzieci sypi\u0105ce kwiaty i dzwoni\u0105ce wraz z rodzicami.<\/strong><\/li><li><strong>NABO\u017bE\u0143STWO CZERWCOWE &#8211; do czwartku o godz. 17.30, a w pi\u0105tek i sobot\u0119 po wieczornej Mszy \u015bw. po\u0142\u0105czone z procesj\u0105 eucharystyczn\u0105.<\/strong><\/li><li><strong>W przysz\u0142a niedziel\u0119 procesja eucharystyczna po Mszy \u015bw. o godz. 11.30.<\/strong><\/li><li><strong>Dzi\u0119kujemy parafianom z I klatki bloku nr 16 przy ul. St. Augusta za ofiary na sprz\u0105tanie i wystr\u00f3j \u015bwi\u0105tyni. Teraz prosimy o ofiary parafian z kl. II bloku nr 16 przy ul. St. Augusta.<\/strong><\/li><li><strong>W tym tygodniu w liturgii wspominamy:<br>\uf0b7 poniedzia\u0142ek \u2013 \u015bw. Jadwig\u0119, kr\u00f3low\u0105<br>\uf0b7 wtorek \u2013 \u015bw. Efrema, diakona<br>\uf0b7 pi\u0105tek \u2013 b\u0142. M\u0119czennik\u00f3w II wojny \u015bwiatowej z naszej diecezji<br>\uf0b7 sobota \u2013 \u015bw. Antoniego z Padwy<\/strong><\/li><li><strong>Zach\u0119camy do lektury prasy katolickiej. Zar\u00f3wno w Niedzieli jak i w Go\u015bciu Niedzielnym artyku\u0142y pog\u0142\u0119biaj\u0105ce sakrament Eucharystii.<\/strong><\/li><\/ol>\n","protected":false},"excerpt":{"rendered":"<p>OG\u0141OSZENIA DUSZPASTERSKIE UROCZYSTO\u015a\u0106 TR\u00d3JCY \u015aWI\u0118TEJ jest uwielbieniem tajemnicy Boga, kt\u00f3ry objawia si\u0119 nam w mi\u0142o\u015bci Ojca, Syna i Ducha \u015awi\u0119tego. Dzi\u015b uroczysto\u015b\u0107 odpustowa w parafii \u015awi\u0119tej Tr\u00f3jcy. Ko\u0144czy si\u0119 tak\u017ce dzisiaj okres Komunii \u015bw. wielkanocnej. Po Mszy \u015bw. o godz. 15.30 adoracja Naj\u015bwi\u0119tszego Sakramentu, a o godz. 17.30 nabo\u017ce\u0144stwo czerwcowe, a po nim zmiana tajemnic &hellip; <\/p>\n<p class=\"link-more\"><a href=\"https:\/\/albert.przemyska.pl\/?p=786\" class=\"more-link\">Czytaj dalej<span class=\"screen-reader-text\"> \u201eUROCZYSTO\u015a\u0106 TR\u00d3JCY \u015aWI\u0118TEJ 7.06.2020.\u201d<\/span><\/a><\/p>\n","protected":false},"author":1,"featured_media":637,"comment_status":"closed","ping_status":"closed","sticky":false,"template":"","format":"standard","meta":{"footnotes":""},"categories":[3],"tags":[],"class_list":["post-786","post","type-post","status-publish","format-standard","has-post-thumbnail","hentry","category-ogloszenia"],"_links":{"self":[{"href":"https:\/\/albert.przemyska.pl\/index.php?rest_route=\/wp\/v2\/posts\/786","targetHints":{"allow":["GET"]}}],"collection":[{"href":"https:\/\/albert.przemyska.pl\/index.php?rest_route=\/wp\/v2\/posts"}],"about":[{"href":"https:\/\/albert.przemyska.pl\/index.php?rest_route=\/wp\/v2\/types\/post"}],"author":[{"embeddable":true,"href":"https:\/\/albert.przemyska.pl\/index.php?rest_route=\/wp\/v2\/users\/1"}],"replies":[{"embeddable":true,"href":"https:\/\/albert.przemyska.pl\/index.php?rest_route=%2Fwp%2Fv2%2Fcomments&post=786"}],"version-history":[{"count":1,"href":"https:\/\/albert.przemyska.pl\/index.php?rest_route=\/wp\/v2\/posts\/786\/revisions"}],"predecessor-version":[{"id":787,"href":"https:\/\/albert.przemyska.pl\/index.php?rest_route=\/wp\/v2\/posts\/786\/revisions\/787"}],"wp:featuredmedia":[{"embeddable":true,"href":"https:\/\/albert.przemyska.pl\/index.php?rest_route=\/wp\/v2\/media\/637"}],"wp:attachment":[{"href":"https:\/\/albert.przemyska.pl\/index.php?rest_route=%2Fwp%2Fv2%2Fmedia&parent=786"}],"wp:term":[{"taxonomy":"category","embeddable":true,"href":"https:\/\/albert.przemyska.pl\/index.php?rest_route=%2Fwp%2Fv2%2Fcategories&post=786"},{"taxonomy":"post_tag","embeddable":true,"href":"https:\/\/albert.przemyska.pl\/index.php?rest_route=%2Fwp%2Fv2%2Ftags&post=786"}],"curies":[{"name":"wp","href":"https:\/\/api.w.org\/{rel}","templated":true}]}}