{"id":789,"date":"2020-06-14T12:00:00","date_gmt":"2020-06-14T10:00:00","guid":{"rendered":"https:\/\/albert.przemyska.pl\/?p=789"},"modified":"2020-06-19T12:01:47","modified_gmt":"2020-06-19T10:01:47","slug":"11-niedziela-zwykla-14-06-2020","status":"publish","type":"post","link":"https:\/\/albert.przemyska.pl\/?p=789","title":{"rendered":"11 NIEDZIELA ZWYK\u0141A 14.06.2020."},"content":{"rendered":"\n<p class=\"has-text-color has-text-align-center has-medium-font-size has-vivid-red-color\"><strong>OG\u0141OSZENIA DUSZPASTERSKIE<\/strong><\/p>\n\n\n\n<ol class=\"wp-block-list\"><li>Dzisiaj po Mszy \u015bw. o godz. 11.30 odb\u0119dzie si\u0119 procesja eucharystyczna wok\u00f3\u0142 ko\u015bcio\u0142a. Natomiast po Mszy \u015bw. o godz. 15.30 adoracja Naj\u015bwi\u0119tszego Sakramentu. O godz. 17.30 nabo\u017ce\u0144stwo do Serca Pana Jezusa. Przypominamy, \u017ce nabo\u017ce\u0144stwo czerwcowe codziennie o godz. 17.30, a po nim wieczorna Msza \u015bw.<\/li><li>Trwa OKTAWA BO\u017bEGO CIA\u0141A. Codziennie po Mszy \u015bw. wieczornej procesja eucharystyczna. Zach\u0119camy do licznego udzia\u0142u szczeg\u00f3lnie dzieci szkolne, ministrant\u00f3w i lektor\u00f3w. Prosimy rodzic\u00f3w o przyk\u0142ad wiary i<br>modlitwy w tym szczeg\u00f3lnym czasie.<\/li><li>\u015aroda jest dniem PARAFIALNEGO ODPUSTU KU CZCI \u015aW. BRATA ALBERTA. Uroczysta suma o godz. 18.00 i po niej procesja eucharystyczna. Zach\u0119camy wszystkich parafian, aby w tym dniu uczci\u0107 swego patrona.<br>We wtorek od godz. 17.00 mo\u017cliwo\u015b\u0107 spowiedzi przed odpustem parafialnym.<\/li><li>W czwartek na zako\u0144czenie oktawy Bo\u017cego Cia\u0142a po Mszy \u015bw. wieczornej po\u015bwi\u0119cenie wiank\u00f3w i b\u0142ogos\u0142awie\u0144stwo dzieci.<\/li><li>W pi\u0105tek uroczysto\u015b\u0107 NAJ\u015aWI\u0118TSZEGO SERCA PANA JEZUSA. Jest to \u015awiatowy Dzie\u0144 Modlitw o U\u015bwi\u0119cenie Kap\u0142an\u00f3w. W tym dniu nie obowi\u0105zuje post z racji uroczysto\u015bci. W sobot\u0119 wspomnienie Niepokalanego<br>Serca Maryi.<\/li><li>W przysz\u0142\u0105 niedziel\u0119 o godz. 11.00 abp Adam SZAL dokona uroczystej konsekracji ko\u015bcio\u0142a pw. \u015bw. J\u00f3zefa Sebastiana Pelczara na Monte Cassino.<\/li><li>Dzi\u0119kujemy parafianom z II klatki bloku nr 16 przy ul. St. Augusta za ofiary na sprz\u0105tanie i wystr\u00f3j \u015bwi\u0105tyni. Teraz prosimy o ofiary parafian z klatki III bloku nr 16 przy ul. St. Augusta<\/li><li>Zach\u0119camy serdecznie do lektury prasy katolickiej. Zbli\u017ca si\u0119 czas wybor\u00f3w prezydenckich w naszej ojczy\u017anie, warto zatem przypomnie\u0107 sobie niekt\u00f3re prawdy katolickiej nauki spo\u0142ecznej odno\u015bnie do tych zagadnie\u0144. Pole\u0107my opiece Maryi kr\u00f3lowej Polski nasz\u0105 ojczyzn\u0119 \u2013 Pod Twoj\u0105 obron\u0119\u2026 Przyjmijmy z ufno\u015bci\u0105 dar Bo\u017cego b\u0142ogos\u0142awie\u0144stwa.<\/li><\/ol>\n\n\n\n<p><\/p>\n","protected":false},"excerpt":{"rendered":"<p>OG\u0141OSZENIA DUSZPASTERSKIE Dzisiaj po Mszy \u015bw. o godz. 11.30 odb\u0119dzie si\u0119 procesja eucharystyczna wok\u00f3\u0142 ko\u015bcio\u0142a. Natomiast po Mszy \u015bw. o godz. 15.30 adoracja Naj\u015bwi\u0119tszego Sakramentu. O godz. 17.30 nabo\u017ce\u0144stwo do Serca Pana Jezusa. Przypominamy, \u017ce nabo\u017ce\u0144stwo czerwcowe codziennie o godz. 17.30, a po nim wieczorna Msza \u015bw. Trwa OKTAWA BO\u017bEGO CIA\u0141A. Codziennie po Mszy \u015bw. &hellip; <\/p>\n<p class=\"link-more\"><a href=\"https:\/\/albert.przemyska.pl\/?p=789\" class=\"more-link\">Czytaj dalej<span class=\"screen-reader-text\"> \u201e11 NIEDZIELA ZWYK\u0141A 14.06.2020.\u201d<\/span><\/a><\/p>\n","protected":false},"author":1,"featured_media":725,"comment_status":"closed","ping_status":"closed","sticky":false,"template":"","format":"standard","meta":{"footnotes":""},"categories":[3],"tags":[],"class_list":["post-789","post","type-post","status-publish","format-standard","has-post-thumbnail","hentry","category-ogloszenia"],"_links":{"self":[{"href":"https:\/\/albert.przemyska.pl\/index.php?rest_route=\/wp\/v2\/posts\/789","targetHints":{"allow":["GET"]}}],"collection":[{"href":"https:\/\/albert.przemyska.pl\/index.php?rest_route=\/wp\/v2\/posts"}],"about":[{"href":"https:\/\/albert.przemyska.pl\/index.php?rest_route=\/wp\/v2\/types\/post"}],"author":[{"embeddable":true,"href":"https:\/\/albert.przemyska.pl\/index.php?rest_route=\/wp\/v2\/users\/1"}],"replies":[{"embeddable":true,"href":"https:\/\/albert.przemyska.pl\/index.php?rest_route=%2Fwp%2Fv2%2Fcomments&post=789"}],"version-history":[{"count":1,"href":"https:\/\/albert.przemyska.pl\/index.php?rest_route=\/wp\/v2\/posts\/789\/revisions"}],"predecessor-version":[{"id":790,"href":"https:\/\/albert.przemyska.pl\/index.php?rest_route=\/wp\/v2\/posts\/789\/revisions\/790"}],"wp:featuredmedia":[{"embeddable":true,"href":"https:\/\/albert.przemyska.pl\/index.php?rest_route=\/wp\/v2\/media\/725"}],"wp:attachment":[{"href":"https:\/\/albert.przemyska.pl\/index.php?rest_route=%2Fwp%2Fv2%2Fmedia&parent=789"}],"wp:term":[{"taxonomy":"category","embeddable":true,"href":"https:\/\/albert.przemyska.pl\/index.php?rest_route=%2Fwp%2Fv2%2Fcategories&post=789"},{"taxonomy":"post_tag","embeddable":true,"href":"https:\/\/albert.przemyska.pl\/index.php?rest_route=%2Fwp%2Fv2%2Ftags&post=789"}],"curies":[{"name":"wp","href":"https:\/\/api.w.org\/{rel}","templated":true}]}}