{"id":792,"date":"2020-07-05T14:10:47","date_gmt":"2020-07-05T12:10:47","guid":{"rendered":"https:\/\/albert.przemyska.pl\/?p=792"},"modified":"2020-07-05T14:10:47","modified_gmt":"2020-07-05T12:10:47","slug":"14-niedziela-zwykla-5-07-2020","status":"publish","type":"post","link":"https:\/\/albert.przemyska.pl\/?p=792","title":{"rendered":"14 NIEDZIELA ZWYK\u0141A 5.07.2020."},"content":{"rendered":"\n<p class=\"has-text-color has-text-align-center has-medium-font-size has-vivid-green-cyan-color\"><strong>OG\u0141OSZENIA DUSZPASTERSKIE<\/strong><\/p>\n\n\n\n<ol class=\"wp-block-list\"><li>Przypominamy, \u017ce w czasie wakacyjnym, czyli w lipcu i sierpniu od nast\u0119pnej niedzieli odwo\u0142ujemy w niedziel\u0119 Msz\u0119 \u015bw. o godz. 15.30 i popo\u0142udniow\u0105 adoracj\u0119 Naj\u015bwi\u0119tszego Sakramentu. O godz. 17.30 nabo\u017ce\u0144stwo r\u00f3\u017ca\u0144cowe i\u00a0zmiana tajemnic. Sk\u0142adka dzisiejsza przeznaczona na Seminarium Duchowne w Przemy\u015blu.<\/li><li>W sobot\u0119 wyruszy\u0142a 40 Jubileuszowa Piesza Przemyska Pielgrzymka na Jasn\u0105 G\u00f3r\u0119. Wszystkich zach\u0119camy do towarzyszenia modlitw\u0105 naszym p\u0105tnikom, tak\u017ce z radiem FARA. Nasza parafia podejmuje Sztafet\u0119 R\u00f3\u017ca\u0144cow\u0105 wraz z ca\u0142\u0105 diecezj\u0105 w dniu 9 lipca o godz. 6.00 rano. Wszystkich, kt\u00f3rzy mog\u0105 zach\u0119cam, aby w\u0142a\u015bnie 9 lipca o godz. 6.00 rano odm\u00f3wi\u0107 cz\u0105stk\u0119 r\u00f3\u017ca\u0144ca.<\/li><li>W ko\u015bciele OO. Karmelit\u00f3w w sobot\u0119 11 lipca o godz. 9.00 zostanie odprawiona uroczysta Msza \u015bw. w 77. Rocznic\u0119 Zbrodni Wo\u0142y\u0144skiej. Po Mszy \u015bw. uroczysto\u015bci przy Grobie Wo\u0142y\u0144skim na Cmentarzu Wojskowym. Tak\u017ce w sobot\u0119 uroczysto\u015b\u0107 odpustowa w parafii na Kazanowie ku czci \u015bw. Benedykta z Nursji. Uroczysta suma o godz. 18.00.<\/li><li>Dzi\u0119kujemy parafianom z V klatki bloku nr 16 przy ul. St. Augusta za ofiary na sprz\u0105tanie i wystr\u00f3j \u015bwi\u0105tyni. Teraz prosimy o ofiary parafian z klatki I bloku nr 18A przy ul. St. Augusta.<\/li><li>W tym tygodniu wspominamy:<br>\uf0b7 \u015broda \u2013 \u015bw. Jana z Dukli, patrona archidiecezji przemyskiej<br>\uf0b7 sobota \u2013 \u015bw. Benedykta, opata i patrona Europy<\/li><li>Przypominamy zalecenia INSPEKTORA SANITARNEGO, \u017ce w czasie uczestnictwa w liturgii w ko\u015bciele obowi\u0105zuje noszenie masek ochronnych i zachowanie bezpiecznych odleg\u0142o\u015bci. Bardzo prosimy, aby wierni, kt\u00f3rzy<br>pragn\u0105 przyj\u0105\u0107 Komuni\u0119 \u015bw. na r\u0119k\u0119 podchodzili pierwsi.<\/li><li>W czasie wakacji KANCELARIA PARAFIALNA b\u0119dzie czynna p\u00f3\u0142 godziny po Mszy \u015bw. wieczornej. Pami\u0119tajmy w czasie naszych wakacyjnych wyjazd\u00f3w o niedzielnej Mszy \u015bw., a tak\u017ce o wymaganych \u015brodkach ostro\u017cno\u015bci.<\/li><li>Zach\u0119camy do lektury prasy katolickiej. Wszystkim rozpoczynaj\u0105cym wakacje \u017cyczymy udanego wypoczynku. Przyjmijcie na ten czas Bo\u017ce b\u0142ogos\u0142awie\u0144stwo.<\/li><\/ol>\n","protected":false},"excerpt":{"rendered":"<p>OG\u0141OSZENIA DUSZPASTERSKIE Przypominamy, \u017ce w czasie wakacyjnym, czyli w lipcu i sierpniu od nast\u0119pnej niedzieli odwo\u0142ujemy w niedziel\u0119 Msz\u0119 \u015bw. o godz. 15.30 i popo\u0142udniow\u0105 adoracj\u0119 Naj\u015bwi\u0119tszego Sakramentu. O godz. 17.30 nabo\u017ce\u0144stwo r\u00f3\u017ca\u0144cowe i\u00a0zmiana tajemnic. Sk\u0142adka dzisiejsza przeznaczona na Seminarium Duchowne w Przemy\u015blu. W sobot\u0119 wyruszy\u0142a 40 Jubileuszowa Piesza Przemyska Pielgrzymka na Jasn\u0105 G\u00f3r\u0119. Wszystkich &hellip; <\/p>\n<p class=\"link-more\"><a href=\"https:\/\/albert.przemyska.pl\/?p=792\" class=\"more-link\">Czytaj dalej<span class=\"screen-reader-text\"> \u201e14 NIEDZIELA ZWYK\u0141A 5.07.2020.\u201d<\/span><\/a><\/p>\n","protected":false},"author":1,"featured_media":0,"comment_status":"closed","ping_status":"closed","sticky":false,"template":"","format":"standard","meta":{"footnotes":""},"categories":[3],"tags":[],"class_list":["post-792","post","type-post","status-publish","format-standard","hentry","category-ogloszenia"],"_links":{"self":[{"href":"https:\/\/albert.przemyska.pl\/index.php?rest_route=\/wp\/v2\/posts\/792","targetHints":{"allow":["GET"]}}],"collection":[{"href":"https:\/\/albert.przemyska.pl\/index.php?rest_route=\/wp\/v2\/posts"}],"about":[{"href":"https:\/\/albert.przemyska.pl\/index.php?rest_route=\/wp\/v2\/types\/post"}],"author":[{"embeddable":true,"href":"https:\/\/albert.przemyska.pl\/index.php?rest_route=\/wp\/v2\/users\/1"}],"replies":[{"embeddable":true,"href":"https:\/\/albert.przemyska.pl\/index.php?rest_route=%2Fwp%2Fv2%2Fcomments&post=792"}],"version-history":[{"count":1,"href":"https:\/\/albert.przemyska.pl\/index.php?rest_route=\/wp\/v2\/posts\/792\/revisions"}],"predecessor-version":[{"id":794,"href":"https:\/\/albert.przemyska.pl\/index.php?rest_route=\/wp\/v2\/posts\/792\/revisions\/794"}],"wp:attachment":[{"href":"https:\/\/albert.przemyska.pl\/index.php?rest_route=%2Fwp%2Fv2%2Fmedia&parent=792"}],"wp:term":[{"taxonomy":"category","embeddable":true,"href":"https:\/\/albert.przemyska.pl\/index.php?rest_route=%2Fwp%2Fv2%2Fcategories&post=792"},{"taxonomy":"post_tag","embeddable":true,"href":"https:\/\/albert.przemyska.pl\/index.php?rest_route=%2Fwp%2Fv2%2Ftags&post=792"}],"curies":[{"name":"wp","href":"https:\/\/api.w.org\/{rel}","templated":true}]}}