{"id":796,"date":"2020-07-19T13:49:44","date_gmt":"2020-07-19T11:49:44","guid":{"rendered":"https:\/\/albert.przemyska.pl\/?p=796"},"modified":"2020-07-19T13:49:44","modified_gmt":"2020-07-19T11:49:44","slug":"16-niedziela-zwykla-19-07-2020","status":"publish","type":"post","link":"https:\/\/albert.przemyska.pl\/?p=796","title":{"rendered":"16 NIEDZIELA ZWYK\u0141A 19.07.2020."},"content":{"rendered":"\n<p class=\"has-text-color has-text-align-center has-medium-font-size has-vivid-green-cyan-color\">OG\u0141OSZENIA DUSZPASTERSKIE<\/p>\n\n\n\n<ol class=\"wp-block-list\"><li>Po Mszach \u015bw. dzisiaj b\u0142ogos\u0142awie\u0144stwo kierowc\u00f3w i po\u015bwi\u0119cenie pojazd\u00f3w. Od<br>kilkunastu ju\u017c lat przy tej okazji przeprowadzamy zbi\u00f3rk\u0119 ofiar do puszek na zakup<br>\u015brodk\u00f3w transportu dla misjonarzy pod has\u0142em 1 GROSZ ZA 1 BEZPIECZNY<br>KILOMETR. Niech nasze ofiary b\u0119d\u0105 wyrazem wdzi\u0119czno\u015bci za bezpieczne<br>podr\u00f3\u017cowanie i pomagaj\u0105 misjonarzom g\u0142osi\u0107 Ewangeli\u0119.<\/li><li>Przypominamy, \u017ce w czasie wakacyjnym odwo\u0142ujemy w niedziel\u0119 Msz\u0119 \u015bw. o<br>godz. 15.30 i popo\u0142udniow\u0105 adoracj\u0119 Naj\u015bwi\u0119tszego Sakramentu. O godz. 17.30<br>r\u00f3\u017caniec w intencji kierowc\u00f3w, podr\u00f3\u017cuj\u0105cych i tragicznie zmar\u0142ych na naszych<br>drogach.<\/li><li>W przysz\u0142\u0105 niedziel\u0119 na dodatkowej Mszy \u015bw. o godz. 12.30 uroczysto\u015b\u0107<br>Pierwszej Komunii \u015bw. dla grupki dzieci. Polecajmy w modlitwie te dzieci i ich<br>rodziny. Tak\u017ce za tydzie\u0144 w niedziel\u0119 wspomnienie \u015bw. Joachima i Anny. Jest to<br>dzie\u0144 modlitwy i wdzi\u0119czno\u015bci wobec rodzic\u00f3w i dziadk\u00f3w za dar \u017cycia i mi\u0142o\u015bci oraz<br>\u015bwiadectwo wiary.<\/li><li>Dzi\u0119kujemy parafianom z II klatki bloku nr 18A przy ul. St. Augusta za ofiary na<br>sprz\u0105tanie i wystr\u00f3j \u015bwi\u0105tyni. Teraz prosimy o ofiary parafian z klatki III bl. nr 18A.<\/li><li>Medyczna Szko\u0142a Policealna w Przemy\u015blu og\u0142asza nab\u00f3r na nowy rok szkolny.<br>Szczeg\u00f3\u0142y odno\u015bnie do rekrutacji i proponowanych zawod\u00f3w na tablicy og\u0142osze\u0144.<\/li><li>W tym tygodniu wspominamy w liturgii:<br>\uf0b7 \u015broda \u2013 \u015bw. Mari\u0119 Magdalen\u0119 [w Ostrowie uroczysto\u015b\u0107 odpustowa]<br>\uf0b7 czwartek \u2013 \u015bw. Brygid\u0119 Szwedzk\u0105, patronk\u0119 Europy<br>\uf0b7 pi\u0105tek \u2013 \u015bw. King\u0119<br>\uf0b7 sobota \u2013 \u015bw. Jakuba, aposto\u0142a<\/li><li>W czasie wakacji KANCELARIA PARAFIALNA b\u0119dzie czynna p\u00f3\u0142 godziny po<br>Mszy \u015bw. wieczornej.<br>Przypominamy zalecenia INSPEKTORA SANITARNEGO, \u017ce w czasie<br>uczestnictwa w liturgii w ko\u015bciele obowi\u0105zuje noszenie masek ochronnych i<br>&nbsp;zachowanie bezpiecznych odleg\u0142o\u015bci. Tak\u017ce poza ko\u015bcio\u0142em i w czasie wyjazd\u00f3w<br>starajmy si\u0119 tak\u017ce zachowa\u0107 wymagane \u015brodki ostro\u017cno\u015bci.<\/li><li>Zach\u0119camy do lektury prasy katolickiej. W Go\u015bciu Niedzielnym cykl artyku\u0142\u00f3w<br>po\u015bwi\u0119conych sanktuariom maryjnym. W czasie wakacyjnych wyjazd\u00f3w nie<\/li><\/ol>\n\n\n\n<p>zapominajmy o niedzielnej Mszy \u015bw. \u017byczymy wszystkim dobrej niedzieli<br>i&nbsp;b\u0142ogos\u0142awionego tygodnia.<\/p>\n","protected":false},"excerpt":{"rendered":"<p>OG\u0141OSZENIA DUSZPASTERSKIE Po Mszach \u015bw. dzisiaj b\u0142ogos\u0142awie\u0144stwo kierowc\u00f3w i po\u015bwi\u0119cenie pojazd\u00f3w. Odkilkunastu ju\u017c lat przy tej okazji przeprowadzamy zbi\u00f3rk\u0119 ofiar do puszek na zakup\u015brodk\u00f3w transportu dla misjonarzy pod has\u0142em 1 GROSZ ZA 1 BEZPIECZNYKILOMETR. Niech nasze ofiary b\u0119d\u0105 wyrazem wdzi\u0119czno\u015bci za bezpiecznepodr\u00f3\u017cowanie i pomagaj\u0105 misjonarzom g\u0142osi\u0107 Ewangeli\u0119. Przypominamy, \u017ce w czasie wakacyjnym odwo\u0142ujemy w niedziel\u0119 &hellip; <\/p>\n<p class=\"link-more\"><a href=\"https:\/\/albert.przemyska.pl\/?p=796\" class=\"more-link\">Czytaj dalej<span class=\"screen-reader-text\"> \u201e16 NIEDZIELA ZWYK\u0141A 19.07.2020.\u201d<\/span><\/a><\/p>\n","protected":false},"author":1,"featured_media":797,"comment_status":"closed","ping_status":"closed","sticky":false,"template":"","format":"standard","meta":{"footnotes":""},"categories":[3],"tags":[],"class_list":["post-796","post","type-post","status-publish","format-standard","has-post-thumbnail","hentry","category-ogloszenia"],"_links":{"self":[{"href":"https:\/\/albert.przemyska.pl\/index.php?rest_route=\/wp\/v2\/posts\/796","targetHints":{"allow":["GET"]}}],"collection":[{"href":"https:\/\/albert.przemyska.pl\/index.php?rest_route=\/wp\/v2\/posts"}],"about":[{"href":"https:\/\/albert.przemyska.pl\/index.php?rest_route=\/wp\/v2\/types\/post"}],"author":[{"embeddable":true,"href":"https:\/\/albert.przemyska.pl\/index.php?rest_route=\/wp\/v2\/users\/1"}],"replies":[{"embeddable":true,"href":"https:\/\/albert.przemyska.pl\/index.php?rest_route=%2Fwp%2Fv2%2Fcomments&post=796"}],"version-history":[{"count":1,"href":"https:\/\/albert.przemyska.pl\/index.php?rest_route=\/wp\/v2\/posts\/796\/revisions"}],"predecessor-version":[{"id":798,"href":"https:\/\/albert.przemyska.pl\/index.php?rest_route=\/wp\/v2\/posts\/796\/revisions\/798"}],"wp:featuredmedia":[{"embeddable":true,"href":"https:\/\/albert.przemyska.pl\/index.php?rest_route=\/wp\/v2\/media\/797"}],"wp:attachment":[{"href":"https:\/\/albert.przemyska.pl\/index.php?rest_route=%2Fwp%2Fv2%2Fmedia&parent=796"}],"wp:term":[{"taxonomy":"category","embeddable":true,"href":"https:\/\/albert.przemyska.pl\/index.php?rest_route=%2Fwp%2Fv2%2Fcategories&post=796"},{"taxonomy":"post_tag","embeddable":true,"href":"https:\/\/albert.przemyska.pl\/index.php?rest_route=%2Fwp%2Fv2%2Ftags&post=796"}],"curies":[{"name":"wp","href":"https:\/\/api.w.org\/{rel}","templated":true}]}}