{"id":808,"date":"2020-09-09T12:43:14","date_gmt":"2020-09-09T10:43:14","guid":{"rendered":"https:\/\/albert.przemyska.pl\/?p=808"},"modified":"2020-09-09T12:43:14","modified_gmt":"2020-09-09T10:43:14","slug":"23-niedziela-zwykla-6-09-2020","status":"publish","type":"post","link":"https:\/\/albert.przemyska.pl\/?p=808","title":{"rendered":"23 NIEDZIELA ZWYK\u0141A 6.09.2020"},"content":{"rendered":"\n<p class=\"has-text-color has-text-align-center has-medium-font-size has-vivid-green-cyan-color\"><strong>OG\u0141OSZENIA DUSZPASTERSKIE<\/strong><\/p>\n\n\n\n<ol class=\"wp-block-list\"><li>Powracamy po wakacjach do Mszy \u015bw. o godz. 15.30 i odmawiania po niej<br>Koronki do Bo\u017cego Mi\u0142osierdzia oraz Adoracji Naj\u015bwi\u0119tszego Sakramentu.<\/li><li>O godz. 17.30 nabo\u017ce\u0144stwo r\u00f3\u017ca\u0144cowe oraz zmiana tajemnic.<br>Sk\u0142adka dzisiejsza przeznaczona na Seminarium Duchowne w Przemy\u015blu.<\/li><li>W poniedzia\u0142ek zbi\u00f3rka dla lektor\u00f3w po Mszy \u015bw. wieczornej. W \u015brod\u0119 na<br>godz. 17.00 zapraszamy na zbi\u00f3rk\u0119 ministrant\u00f3w i kandydat\u00f3w do pos\u0142ugi<br>przy o\u0142tarzu.<\/li><li>Rozpoczynamy przygotowanie przed bierzmowaniem. W tym tygodniu<br>zapraszamy w \u015brod\u0119 &#8211; klasy VI, w czwartek \u2013 klasy VII, w pi\u0105tek \u2013 klasy<br>VIII. Spotkanie rozpoczyna si\u0119 Msz\u0105 \u015bw. o godz. 18.00, a po niej katecheza.<\/li><li>Zapraszamy w ka\u017cdy pi\u0105tek o godz. 16.30 na spotkanie Parafialnej Grupy<br>Oazowej. Zach\u0119camy ch\u0119tnych uczni\u00f3w od klasy III Szko\u0142y Podstawowej.<\/li><li>W przysz\u0142\u0105 niedziel\u0119 &#8211; 13 wrze\u015bnia po Mszy \u015bw. o godz. 11.30 odb\u0119dzie si\u0119<br>spotkanie dla rodzic\u00f3w, kt\u00f3rych dzieci w tym roku rozpoczn\u0105 w naszej parafii<br>przygotowanie do Sakramentu Pokuty i Pierwszej Komunii \u015bw.<\/li><li>Dzi\u0119kujemy parafianom z dom\u00f3w przy ul. St. Augusta, Wybickiego i<br>Ordona za ofiary na sprz\u0105tanie i wystr\u00f3j \u015bwi\u0105tyni. Teraz prosimy o ofiary<br>parafian z dom\u00f3w przy ul. Chod\u017aki i 29 Listopada.<\/li><li>W dalszym ci\u0105gu przypominamy o obowi\u0105zku noszenia maseczek<br>ochronnych i zachowania bezpiecznych odleg\u0142o\u015bci w czasie uczestnictwa w<br>nabo\u017ce\u0144stwach w ko\u015bciele. Tak\u017ce poza ko\u015bcio\u0142em, szczeg\u00f3lnie w kontaktach z<br>innymi, starajmy si\u0119 zachowa\u0107 dystans i wymagane \u015brodki ostro\u017cno\u015bci.<\/li><li>W tym tygodniu w liturgii obchodzimy wspomnienie:<br>\uf0b7 \u015broda \u2013 Narodzenia Matki Naj\u015bwi\u0119tszej<br>\uf0b7 sobota \u2013 Naj\u015bwi\u0119tszego Imienia Maryi<\/li><li>Zach\u0119camy do lektury prasy katolickiej. Niedziela jak zawsze przynosi<br>wiadomo\u015bci diecezjalne i og\u00f3lnopolskie. Natomiast Go\u015b\u0107 Niedzielny daje tak\u017ce<br>spojrzenie na sprawy spo\u0142eczne. Zach\u0119camy do lektury.<\/li><\/ol>\n","protected":false},"excerpt":{"rendered":"<p>OG\u0141OSZENIA DUSZPASTERSKIE Powracamy po wakacjach do Mszy \u015bw. o godz. 15.30 i odmawiania po niejKoronki do Bo\u017cego Mi\u0142osierdzia oraz Adoracji Naj\u015bwi\u0119tszego Sakramentu. O godz. 17.30 nabo\u017ce\u0144stwo r\u00f3\u017ca\u0144cowe oraz zmiana tajemnic.Sk\u0142adka dzisiejsza przeznaczona na Seminarium Duchowne w Przemy\u015blu. W poniedzia\u0142ek zbi\u00f3rka dla lektor\u00f3w po Mszy \u015bw. wieczornej. W \u015brod\u0119 nagodz. 17.00 zapraszamy na zbi\u00f3rk\u0119 ministrant\u00f3w i &hellip; <\/p>\n<p class=\"link-more\"><a href=\"https:\/\/albert.przemyska.pl\/?p=808\" class=\"more-link\">Czytaj dalej<span class=\"screen-reader-text\"> \u201e23 NIEDZIELA ZWYK\u0141A 6.09.2020\u201d<\/span><\/a><\/p>\n","protected":false},"author":1,"featured_media":809,"comment_status":"closed","ping_status":"closed","sticky":false,"template":"","format":"standard","meta":{"footnotes":""},"categories":[3],"tags":[],"class_list":["post-808","post","type-post","status-publish","format-standard","has-post-thumbnail","hentry","category-ogloszenia"],"_links":{"self":[{"href":"https:\/\/albert.przemyska.pl\/index.php?rest_route=\/wp\/v2\/posts\/808","targetHints":{"allow":["GET"]}}],"collection":[{"href":"https:\/\/albert.przemyska.pl\/index.php?rest_route=\/wp\/v2\/posts"}],"about":[{"href":"https:\/\/albert.przemyska.pl\/index.php?rest_route=\/wp\/v2\/types\/post"}],"author":[{"embeddable":true,"href":"https:\/\/albert.przemyska.pl\/index.php?rest_route=\/wp\/v2\/users\/1"}],"replies":[{"embeddable":true,"href":"https:\/\/albert.przemyska.pl\/index.php?rest_route=%2Fwp%2Fv2%2Fcomments&post=808"}],"version-history":[{"count":1,"href":"https:\/\/albert.przemyska.pl\/index.php?rest_route=\/wp\/v2\/posts\/808\/revisions"}],"predecessor-version":[{"id":810,"href":"https:\/\/albert.przemyska.pl\/index.php?rest_route=\/wp\/v2\/posts\/808\/revisions\/810"}],"wp:featuredmedia":[{"embeddable":true,"href":"https:\/\/albert.przemyska.pl\/index.php?rest_route=\/wp\/v2\/media\/809"}],"wp:attachment":[{"href":"https:\/\/albert.przemyska.pl\/index.php?rest_route=%2Fwp%2Fv2%2Fmedia&parent=808"}],"wp:term":[{"taxonomy":"category","embeddable":true,"href":"https:\/\/albert.przemyska.pl\/index.php?rest_route=%2Fwp%2Fv2%2Fcategories&post=808"},{"taxonomy":"post_tag","embeddable":true,"href":"https:\/\/albert.przemyska.pl\/index.php?rest_route=%2Fwp%2Fv2%2Ftags&post=808"}],"curies":[{"name":"wp","href":"https:\/\/api.w.org\/{rel}","templated":true}]}}