{"id":813,"date":"2020-09-13T15:42:52","date_gmt":"2020-09-13T13:42:52","guid":{"rendered":"https:\/\/albert.przemyska.pl\/?p=813"},"modified":"2020-09-13T15:42:52","modified_gmt":"2020-09-13T13:42:52","slug":"24-niedziela-zwykla-13-09-2020","status":"publish","type":"post","link":"https:\/\/albert.przemyska.pl\/?p=813","title":{"rendered":"24 NIEDZIELA ZWYK\u0141A 13.09.2020"},"content":{"rendered":"\n<p class=\"has-text-align-center has-vivid-green-cyan-color has-text-color has-medium-font-size\">OG\u0141OSZENIA DUSZPASTERSKIE<\/p>\n\n\n\n<ol class=\"wp-block-list\"><li>Dzisiejsz\u0105 niedziel\u0105 rozpoczynamy w ca\u0142y Ko\u015bciele X TYDZIE\u0143 WYCHOWANIA pod has\u0142em<br>Budujmy wi\u0119zi! Polecajmy dzieci, m\u0142odzie\u017c, nauczycieli, katechet\u00f3w i wychowawc\u00f3w<br>rozpoczynaj\u0105cych kolejny rok nauki i wychowania m\u0142odego pokolenia.<br>Sk\u0142adka dzisiejsza na potrzeby parafii. Serdecznie dzi\u0119kujemy za sk\u0142adane ofiary.<\/li><li>Dzi\u015b po Mszy \u015bw. o godz. 11.30 odb\u0119dzie si\u0119 spotkanie dla rodzic\u00f3w, kt\u00f3rych dzieci w tym roku rozpoczn\u0105 w naszej parafii przygotowanie do Pierwszej Komunii \u015bw.<br>O godz. 17.30 nabo\u017ce\u0144stwo do Bo\u017cego Mi\u0142osierdzia.<\/li><li>W poniedzia\u0142ek zbi\u00f3rka dla lektor\u00f3w po Mszy \u015bw. wieczornej. W \u015brod\u0119 na godz. 17.00<br>zapraszamy na zbi\u00f3rk\u0119 ministrant\u00f3w i kandydat\u00f3w do pos\u0142ugi przy o\u0142tarzu.<\/li><li>Zaleg\u0142e bierzmowanie dla I klas szko\u0142y \u015bredniej ustalone zosta\u0142o na 1 pa\u017adziernika na godz.<br>18.00. Zapraszamy na spotkanie przygotowuj\u0105ce w poniedzia\u0142ek na godz. 18.00.<\/li><li>We czwartek wypada 81. Rocznica napa\u015bci Zwi\u0105zku Sowieckiego na Polsk\u0119 i \u00a0Dzie\u0144<br>Sybiraka. Polecamy wszystkich, kt\u00f3rzy ucierpieli w \u0142agrach i obozach.<\/li><li>W pi\u0105tek wypada \u015bwi\u0119to \u015aW. STANIS\u0141AWA KOSTKI, patrona Polski oraz patrona dzieci i<br>m\u0142odzie\u017cy. Zapraszamy m\u0142odzie\u017c szkoln\u0105 z naszej parafii na \u015brod\u0119, czwartek i pi\u0105tek na<br>wieczorn\u0105 Eucharysti\u0119 o godz. 18.00.<\/li><li>W pi\u0105tek o godz. 16.30 spotkanie Parafialnej Grupy Oazowej. Zach\u0119camy ch\u0119tnych uczni\u00f3w od klasy III Szko\u0142y Podstawowej. M\u0142odzie\u017c zach\u0119camy na spotkanie formacyjne w pi\u0105tek na g. 19.00.<\/li><li>Dzi\u0119kujemy parafianom z dom\u00f3w przy ul. Chod\u017aki i 29 Listopada za ofiary na sprz\u0105tanie i<br>wystr\u00f3j \u015bwi\u0105tyni. Teraz prosimy o ofiary parafian z dom\u00f3w przy ul. Boles\u0142awa Chrobrego.<\/li><li>W dalszym ci\u0105gu przypominamy o obowi\u0105zku noszenia maseczek ochronnych i zachowania<br>bezpiecznych odleg\u0142o\u015bci w czasie uczestnictwa w nabo\u017ce\u0144stwach w ko\u015bciele. Tak\u017ce poza<br>ko\u015bcio\u0142em starajmy si\u0119 zachowa\u0107 wymagane \u015brodki ostro\u017cno\u015bci.<\/li><li>W tym tygodniu w liturgii wspominamy:<br>\uf0b7 poniedzia\u0142ek \u2013 \u015bwi\u0119to Podwy\u017cszenia Krzy\u017ca<br>\uf0b7 wtorek \u2013 Naj\u015bwi\u0119tsz\u0105 Maryj\u0119 Pann\u0119 Bolesn\u0105<br>\uf0b7 \u015broda \u2013 \u015bw. Korneliusza i Cypriana, m\u0119czennik\u00f3w<br>\uf0b7 czwartek \u2013 \u015bw. Zygmunta Szcz\u0119snego Feli\u0144skiego, bpa<br>\uf0b7 pi\u0105tek \u2013 \u015bw. Stanis\u0142awa Kostk\u0119<br>\uf0b7 sobota \u2013 \u015bw. Januarego, m\u0119czennika<\/li><li>Warto si\u0119gn\u0105\u0107 po pras\u0119 katolick\u0105 \u2013 nowe numery NIEDZIELI, GO\u015aCIA NIEDZIELNEGO<br>oraz MISYJNYCH DR\u00d3G. Zach\u0119camy do lektury. Przyjmijmy dar Bo\u017cego b\u0142ogos\u0142awie\u0144stwa.<\/li><\/ol>\n","protected":false},"excerpt":{"rendered":"<p>OG\u0141OSZENIA DUSZPASTERSKIE Dzisiejsz\u0105 niedziel\u0105 rozpoczynamy w ca\u0142y Ko\u015bciele X TYDZIE\u0143 WYCHOWANIA pod has\u0142emBudujmy wi\u0119zi! Polecajmy dzieci, m\u0142odzie\u017c, nauczycieli, katechet\u00f3w i wychowawc\u00f3wrozpoczynaj\u0105cych kolejny rok nauki i wychowania m\u0142odego pokolenia.Sk\u0142adka dzisiejsza na potrzeby parafii. Serdecznie dzi\u0119kujemy za sk\u0142adane ofiary. Dzi\u015b po Mszy \u015bw. o godz. 11.30 odb\u0119dzie si\u0119 spotkanie dla rodzic\u00f3w, kt\u00f3rych dzieci w tym roku rozpoczn\u0105 &hellip; <\/p>\n<p class=\"link-more\"><a href=\"https:\/\/albert.przemyska.pl\/?p=813\" class=\"more-link\">Czytaj dalej<span class=\"screen-reader-text\"> \u201e24 NIEDZIELA ZWYK\u0141A 13.09.2020\u201d<\/span><\/a><\/p>\n","protected":false},"author":1,"featured_media":0,"comment_status":"closed","ping_status":"closed","sticky":false,"template":"","format":"standard","meta":{"footnotes":""},"categories":[3],"tags":[],"class_list":["post-813","post","type-post","status-publish","format-standard","hentry","category-ogloszenia"],"_links":{"self":[{"href":"https:\/\/albert.przemyska.pl\/index.php?rest_route=\/wp\/v2\/posts\/813","targetHints":{"allow":["GET"]}}],"collection":[{"href":"https:\/\/albert.przemyska.pl\/index.php?rest_route=\/wp\/v2\/posts"}],"about":[{"href":"https:\/\/albert.przemyska.pl\/index.php?rest_route=\/wp\/v2\/types\/post"}],"author":[{"embeddable":true,"href":"https:\/\/albert.przemyska.pl\/index.php?rest_route=\/wp\/v2\/users\/1"}],"replies":[{"embeddable":true,"href":"https:\/\/albert.przemyska.pl\/index.php?rest_route=%2Fwp%2Fv2%2Fcomments&post=813"}],"version-history":[{"count":1,"href":"https:\/\/albert.przemyska.pl\/index.php?rest_route=\/wp\/v2\/posts\/813\/revisions"}],"predecessor-version":[{"id":815,"href":"https:\/\/albert.przemyska.pl\/index.php?rest_route=\/wp\/v2\/posts\/813\/revisions\/815"}],"wp:attachment":[{"href":"https:\/\/albert.przemyska.pl\/index.php?rest_route=%2Fwp%2Fv2%2Fmedia&parent=813"}],"wp:term":[{"taxonomy":"category","embeddable":true,"href":"https:\/\/albert.przemyska.pl\/index.php?rest_route=%2Fwp%2Fv2%2Fcategories&post=813"},{"taxonomy":"post_tag","embeddable":true,"href":"https:\/\/albert.przemyska.pl\/index.php?rest_route=%2Fwp%2Fv2%2Ftags&post=813"}],"curies":[{"name":"wp","href":"https:\/\/api.w.org\/{rel}","templated":true}]}}