{"id":817,"date":"2020-09-27T11:23:33","date_gmt":"2020-09-27T09:23:33","guid":{"rendered":"https:\/\/albert.przemyska.pl\/?p=817"},"modified":"2020-09-27T11:23:33","modified_gmt":"2020-09-27T09:23:33","slug":"26-niedziela-zwykla-27-09-2020","status":"publish","type":"post","link":"https:\/\/albert.przemyska.pl\/?p=817","title":{"rendered":"26 NIEDZIELA ZWYK\u0141A 27.09.2020."},"content":{"rendered":"\n<p class=\"has-text-align-center has-vivid-green-cyan-color has-text-color has-large-font-size\"><strong>OG\u0141OSZENIA DUSZPASTERSKIE<\/strong><\/p>\n\n\n\n<ol class=\"wp-block-list\"><li>O godz. 17.30 nabo\u017ce\u0144stwo do Bo\u017cego Mi\u0142osierdzia. Za tydzie\u0144 zmiana tajemnic<br>r\u00f3\u017ca\u0144cowych. W przysz\u0142\u0105 niedziel\u0119 na Mszy \u015bw. o godz. 11.30 po\u015bwi\u0119cenie<br>r\u00f3\u017ca\u0144c\u00f3w dla dzieci komunijnych. Dzi\u015b po Mszach \u015bw. Towarzystwo \u015aw. Brata<br>Alberta zbiera ofiary na potrzeby biednych i bezdomnych. Serdecznie dzi\u0119kujemy za<br>sk\u0142adane ofiary.<\/li><li>W poniedzia\u0142ek po Mszy \u015bw. wieczornej zbiorka dla lektor\u00f3w. W \u015brod\u0119 o godz.<br>17.00 zbi\u00f3rka dla ministrant\u00f3w i kandydat\u00f3w do pos\u0142ugi przy o\u0142tarzu.<br>Tak\u017ce w poniedzia\u0142ek o godz. 17.00 spotkanie dla bierzmowanej m\u0142odzie\u017cy, a po<br>Mszy \u015bw. wieczornej zapraszamy rodzic\u00f3w kandydat\u00f3w do bierzmowania.<\/li><li>Od czwartku rozpoczynamy miesi\u0105c pa\u017adziernik. Poprzez modlitw\u0119 r\u00f3\u017ca\u0144cow\u0105<br>pragniemy jednocz\u0105c si\u0119 z Maryj\u0105, wyprasza\u0107 \u0142ask\u0119 Bo\u017cego b\u0142ogos\u0142awie\u0144stwa dla<br>naszych rodzin i ojczyzny. W naszym ko\u015bciele r\u00f3\u017caniec codziennie o godz. 17.30, a<br>po nim Msza \u015bw. Gor\u0105co zach\u0119camy do licznego udzia\u0142u w modlitwie r\u00f3\u017ca\u0144cowej.<br>Szczeg\u00f3lne s\u0142owa zach\u0119ty kierujemy do dzieci i m\u0142odzie\u017cy szkolnej. Tych, kt\u00f3rzy nie<br>mog\u0105 uczestniczy\u0107 w r\u00f3\u017ca\u0144cu w \u015bwi\u0105tyni, zach\u0119camy do modlitwy r\u00f3\u017ca\u0144cowej w<br>gronie rodzinnym. Pa\u017adziernik jest dobrym czasem do o\u017cywienia tej modlitwy w<br>naszych rodzinach. Za odm\u00f3wienie r\u00f3\u017ca\u0144ca w ko\u015bciele, kaplicy, czy w rodzinie mo\u017cna<br>zyska\u0107 odpust zupe\u0142ny pod zwyk\u0142ymi warunkami.<\/li><li>W tym tygodniu wypada pierwszy czwartek, pi\u0105tek i sobota miesi\u0105ca.<br>W czwartek od godz. 17.00 adoracja Naj\u015bwi\u0119tszego Sakramentu. O godz. 17.30<br>modlitwa r\u00f3\u017ca\u0144cowa. Na Mszy \u015bw. o godz. 18.00 Ks. Bp Stanis\u0142aw JAMROZEK<br>udzieli sakramentu bierzmowania naszej m\u0142odzie\u017cy.<\/li><li>W pi\u0105tek do chorych udamy si\u0119 od godz. 8.00. Spowied\u017a od godz. 16.00, o godz.<br>16.45 Msza \u015bw. dla dzieci i m\u0142odzie\u017cy, a o godz. 17.30 modlitwa r\u00f3\u017ca\u0144cowa. W<br>sobot\u0119 nabo\u017ce\u0144stwo fatimskie. Adoracja od godz. 17.00, r\u00f3\u017caniec fatimski o godz.<br>17.30.<\/li><li>Dzi\u0119kujemy parafianom z dom\u00f3w przy ul. Mireckiego i Wyspia\u0144skiego ofiary na<br>sprz\u0105tanie i wystr\u00f3j \u015bwi\u0105tyni. Teraz prosimy o ofiary parafian z dom\u00f3w przy ul.<br>Idzikowskiego, Glinianej, Dobrej i Emilii Plater.<\/li><li>W tym tygodniu w liturgii wspominamy:<br>\uf0b7 poniedzia\u0142ek \u2013 \u015bw. Wac\u0142awa, m\u0119czennika<br>\uf0b7 wtorek \u2013 \u015bw. Archanio\u0142\u00f3w Micha\u0142a, Gabriela i Rafa\u0142a<br>\uf0b7 \u015broda \u2013 \u015bw. Hieronima, doktora Ko\u015bcio\u0142a<\/li><\/ol>\n\n\n\n<p>\uf0b7 czwartek &#8211; \u015bw. Teres\u0119 od Dzieci\u0105tka Jezus<br>\uf0b7 pi\u0105tek \u2013 \u015bwi\u0119tych Anio\u0142\u00f3w Str\u00f3\u017c\u00f3w<\/p>\n","protected":false},"excerpt":{"rendered":"<p>OG\u0141OSZENIA DUSZPASTERSKIE O godz. 17.30 nabo\u017ce\u0144stwo do Bo\u017cego Mi\u0142osierdzia. Za tydzie\u0144 zmiana tajemnicr\u00f3\u017ca\u0144cowych. W przysz\u0142\u0105 niedziel\u0119 na Mszy \u015bw. o godz. 11.30 po\u015bwi\u0119cenier\u00f3\u017ca\u0144c\u00f3w dla dzieci komunijnych. Dzi\u015b po Mszach \u015bw. Towarzystwo \u015aw. BrataAlberta zbiera ofiary na potrzeby biednych i bezdomnych. Serdecznie dzi\u0119kujemy zask\u0142adane ofiary. W poniedzia\u0142ek po Mszy \u015bw. wieczornej zbiorka dla lektor\u00f3w. W \u015brod\u0119 &hellip; <\/p>\n<p class=\"link-more\"><a href=\"https:\/\/albert.przemyska.pl\/?p=817\" class=\"more-link\">Czytaj dalej<span class=\"screen-reader-text\"> \u201e26 NIEDZIELA ZWYK\u0141A 27.09.2020.\u201d<\/span><\/a><\/p>\n","protected":false},"author":1,"featured_media":818,"comment_status":"closed","ping_status":"closed","sticky":false,"template":"","format":"standard","meta":{"footnotes":""},"categories":[3],"tags":[],"class_list":["post-817","post","type-post","status-publish","format-standard","has-post-thumbnail","hentry","category-ogloszenia"],"_links":{"self":[{"href":"https:\/\/albert.przemyska.pl\/index.php?rest_route=\/wp\/v2\/posts\/817","targetHints":{"allow":["GET"]}}],"collection":[{"href":"https:\/\/albert.przemyska.pl\/index.php?rest_route=\/wp\/v2\/posts"}],"about":[{"href":"https:\/\/albert.przemyska.pl\/index.php?rest_route=\/wp\/v2\/types\/post"}],"author":[{"embeddable":true,"href":"https:\/\/albert.przemyska.pl\/index.php?rest_route=\/wp\/v2\/users\/1"}],"replies":[{"embeddable":true,"href":"https:\/\/albert.przemyska.pl\/index.php?rest_route=%2Fwp%2Fv2%2Fcomments&post=817"}],"version-history":[{"count":1,"href":"https:\/\/albert.przemyska.pl\/index.php?rest_route=\/wp\/v2\/posts\/817\/revisions"}],"predecessor-version":[{"id":819,"href":"https:\/\/albert.przemyska.pl\/index.php?rest_route=\/wp\/v2\/posts\/817\/revisions\/819"}],"wp:featuredmedia":[{"embeddable":true,"href":"https:\/\/albert.przemyska.pl\/index.php?rest_route=\/wp\/v2\/media\/818"}],"wp:attachment":[{"href":"https:\/\/albert.przemyska.pl\/index.php?rest_route=%2Fwp%2Fv2%2Fmedia&parent=817"}],"wp:term":[{"taxonomy":"category","embeddable":true,"href":"https:\/\/albert.przemyska.pl\/index.php?rest_route=%2Fwp%2Fv2%2Fcategories&post=817"},{"taxonomy":"post_tag","embeddable":true,"href":"https:\/\/albert.przemyska.pl\/index.php?rest_route=%2Fwp%2Fv2%2Ftags&post=817"}],"curies":[{"name":"wp","href":"https:\/\/api.w.org\/{rel}","templated":true}]}}