{"id":821,"date":"2020-10-11T14:04:54","date_gmt":"2020-10-11T12:04:54","guid":{"rendered":"https:\/\/albert.przemyska.pl\/?p=821"},"modified":"2020-10-11T14:04:54","modified_gmt":"2020-10-11T12:04:54","slug":"28-niedziela-zwykla-11-10-2020","status":"publish","type":"post","link":"https:\/\/albert.przemyska.pl\/?p=821","title":{"rendered":"28 NIEDZIELA ZWYK\u0141A 11.10.2020."},"content":{"rendered":"\n<p class=\"has-text-align-center has-vivid-green-cyan-color has-text-color has-medium-font-size\">OG\u0141OSZENIA DUSZPASTERSKIE<\/p>\n\n\n\n<ol class=\"wp-block-list\"><li>Prze\u017cywany dzisiaj XX DZIE\u0143 PAPIESKI pod has\u0142em TOTUS TUUS jest<br>zach\u0119t\u0105 do zg\u0142\u0119biania przes\u0142ania naszego wielkiego Rodaka. Po Mszach \u015bw. b\u0119d\u0105<br>zbierane datki do puszek na stypendia dla uzdolnionej m\u0142odzie\u017cy z niezamo\u017cnych<br>rodzin. Serdecznie dzi\u0119kujemy za wsparcie tego \u017cywego pomnika \u015bw. Jana Paw\u0142a II.<br>Sk\u0142adamy tak\u017ce podzi\u0119kowanie za ofiary sk\u0142adane dzisiaj na potrzeby parafii.<\/li><li>Po Mszy \u015bw. o godz. 15.30 Adoracja Naj\u015bwi\u0119tszego Sakramentu. O godz. 17.30<br>nabo\u017ce\u0144stwo r\u00f3\u017ca\u0144cowe. R\u00d3\u017bANIEC w naszym ko\u015bciele codziennie o godz. 17.30,<br>a po nim wieczorna Msza \u015bw. Gor\u0105co zach\u0119camy do udzia\u0142u w modlitwie r\u00f3\u017ca\u0144cowej.<\/li><li>W poniedzia\u0142ek po Mszy \u015bw. wieczornej zbiorka dla lektor\u00f3w. We wtorek o godz.<br>17.00 zbi\u00f3rka dla ministrant\u00f3w i kandydat\u00f3w do pos\u0142ugi przy o\u0142tarzu.<\/li><li>W tym tygodniu spotkania w ramach przygotowania o bierzmowania. W<br>poniedzia\u0142ek klasy VI, we wtorek &#8211; klasy VII i w \u015brod\u0119 klasy VIII. Spotkanie<br>rozpoczyna si\u0119 zawsze modlitw\u0105 r\u00f3\u017ca\u0144cow\u0105 o godz. 17.30 i Msz\u0105 \u015bw.<\/li><li>W \u015brod\u0119 wypada \u015aWI\u0118TO EDUKACJI NARODOWEJ. Polecajmy w modlitwie<br>nauczycieli, wychowawc\u00f3w i katechet\u00f3w, aby wychowywali m\u0142ode pokolenie w<br>duchu chrze\u015bcija\u0144skich i patriotycznych warto\u015bci. Podczas wieczornego r\u00f3\u017ca\u0144ca i<br>Mszy \u015bw. poleca\u0107 b\u0119dziemy nauczycieli i ca\u0142e \u015brodowisko szkolne.<\/li><li>Dzi\u0119kujemy parafianom z klatki I bloku nr 1 przy ul. Rogozi\u0144skiego za ofiary na<br>sprz\u0105tanie i&nbsp;wystr\u00f3j \u015bwi\u0105tyni. Teraz prosimy o ofiary parafian z klatki II bloku nr 1.<\/li><li>Wy\u0142o\u017cone s\u0105 ju\u017c kartki na wypominki za zmar\u0142ych. Przypominamy o sk\u0142adaniu w<br>zakrystii wypomink\u00f3w za zmar\u0142ych, zaznaczaj\u0105c konkretn\u0105 dat\u0119.<\/li><li>W tym tygodniu w liturgii wspominamy:<br>\uf0b7 poniedzia\u0142ek \u2013 \u015bw. Jana Beyzyma, aposto\u0142a tr\u0119dowatych<br>\uf0b7 wtorek \u2013 b\u0142. Honorata Ko\u017ami\u0144skiego<br>\uf0b7 \u015broda \u2013 \u015bw. Ma\u0142gorzaty Marii Alacoque<br>\uf0b7 czwartek \u2013 \u015bw. Teresy od Jezusa, karmelitanki i doktora Ko\u015bcio\u0142a<br>\uf0b7 pi\u0105tek \u2013 \u015bw. Jadwigi \u015al\u0105skiej<br>\uf0b7 sobota \u2013 \u015bw. Ignacego Antioche\u0144skiego, bpa i m\u0119czennika<\/li><li>Zach\u0119camy serdecznie do lektury prasy katolickiej. W Niedzieli sporo wiadomo\u015bci<br>o nowym b\u0142ogos\u0142awionym 15 letnim Carlo Acutisie. W Go\u015bciu Niedzielnym.<br>natomiast wprowadzenie do nowej encykliki papie\u017ca Fratelli tutti, a tak\u017ce bezp\u0142atny<br>dodatek film DVD Ziemia Maryi.<br>Przyjmijmy dar Bo\u017cego b\u0142ogos\u0142awie\u0144stwa.<\/li><\/ol>\n","protected":false},"excerpt":{"rendered":"<p>OG\u0141OSZENIA DUSZPASTERSKIE Prze\u017cywany dzisiaj XX DZIE\u0143 PAPIESKI pod has\u0142em TOTUS TUUS jestzach\u0119t\u0105 do zg\u0142\u0119biania przes\u0142ania naszego wielkiego Rodaka. Po Mszach \u015bw. b\u0119d\u0105zbierane datki do puszek na stypendia dla uzdolnionej m\u0142odzie\u017cy z niezamo\u017cnychrodzin. Serdecznie dzi\u0119kujemy za wsparcie tego \u017cywego pomnika \u015bw. Jana Paw\u0142a II.Sk\u0142adamy tak\u017ce podzi\u0119kowanie za ofiary sk\u0142adane dzisiaj na potrzeby parafii. Po Mszy \u015bw. &hellip; <\/p>\n<p class=\"link-more\"><a href=\"https:\/\/albert.przemyska.pl\/?p=821\" class=\"more-link\">Czytaj dalej<span class=\"screen-reader-text\"> \u201e28 NIEDZIELA ZWYK\u0141A 11.10.2020.\u201d<\/span><\/a><\/p>\n","protected":false},"author":1,"featured_media":0,"comment_status":"closed","ping_status":"closed","sticky":false,"template":"","format":"standard","meta":{"footnotes":""},"categories":[3],"tags":[],"class_list":["post-821","post","type-post","status-publish","format-standard","hentry","category-ogloszenia"],"_links":{"self":[{"href":"https:\/\/albert.przemyska.pl\/index.php?rest_route=\/wp\/v2\/posts\/821","targetHints":{"allow":["GET"]}}],"collection":[{"href":"https:\/\/albert.przemyska.pl\/index.php?rest_route=\/wp\/v2\/posts"}],"about":[{"href":"https:\/\/albert.przemyska.pl\/index.php?rest_route=\/wp\/v2\/types\/post"}],"author":[{"embeddable":true,"href":"https:\/\/albert.przemyska.pl\/index.php?rest_route=\/wp\/v2\/users\/1"}],"replies":[{"embeddable":true,"href":"https:\/\/albert.przemyska.pl\/index.php?rest_route=%2Fwp%2Fv2%2Fcomments&post=821"}],"version-history":[{"count":1,"href":"https:\/\/albert.przemyska.pl\/index.php?rest_route=\/wp\/v2\/posts\/821\/revisions"}],"predecessor-version":[{"id":823,"href":"https:\/\/albert.przemyska.pl\/index.php?rest_route=\/wp\/v2\/posts\/821\/revisions\/823"}],"wp:attachment":[{"href":"https:\/\/albert.przemyska.pl\/index.php?rest_route=%2Fwp%2Fv2%2Fmedia&parent=821"}],"wp:term":[{"taxonomy":"category","embeddable":true,"href":"https:\/\/albert.przemyska.pl\/index.php?rest_route=%2Fwp%2Fv2%2Fcategories&post=821"},{"taxonomy":"post_tag","embeddable":true,"href":"https:\/\/albert.przemyska.pl\/index.php?rest_route=%2Fwp%2Fv2%2Ftags&post=821"}],"curies":[{"name":"wp","href":"https:\/\/api.w.org\/{rel}","templated":true}]}}