{"id":831,"date":"2020-10-19T13:41:33","date_gmt":"2020-10-19T11:41:33","guid":{"rendered":"https:\/\/albert.przemyska.pl\/?p=831"},"modified":"2020-10-19T13:41:33","modified_gmt":"2020-10-19T11:41:33","slug":"29-niedziela-zwykla-18-10-2020","status":"publish","type":"post","link":"https:\/\/albert.przemyska.pl\/?p=831","title":{"rendered":"29 NIEDZIELA ZWYK\u0141A 18.10.2020."},"content":{"rendered":"\n<p class=\"has-text-align-center has-vivid-green-cyan-color has-text-color has-medium-font-size\"><strong>OG\u0141OSZENIA DUSZPASTERSKIE<\/strong><\/p>\n\n\n\n<ol class=\"wp-block-list\"><li>Dzisiejsza niedziela misyjna rozpoczyna w ca\u0142ym Ko\u015bciele TYDZIE\u0143<br>MISYJNY. Jest on czasem solidarno\u015bci z ca\u0142y Ko\u015bcio\u0142em misyjnym oraz modlitwy za<br>misje i\u00a0misjonarzy, wspieraj\u0105c ich nasz\u0105 modlitw\u0105 i sk\u0142adanymi dzi\u015b na tac\u0119 ofiarami.<\/li><li>Po Mszy \u015bw. o godz. 15.30 nie b\u0119dzie Adoracji Naj\u015bwi\u0119tszego Sakramentu. O<br>godz. 17.30 nabo\u017ce\u0144stwo r\u00f3\u017ca\u0144cowe. R\u00d3\u017bANIEC w naszym ko\u015bciele codziennie o<br>godz. 17.30, a po nim wieczorna Msza \u015bw. Gor\u0105co zach\u0119camy do modlitwy<br>r\u00f3\u017ca\u0144cowej.<\/li><li>W tym tygodniu z powodu nasilaj\u0105cej si\u0119 pandemii i ze wzgl\u0119d\u00f3w bezpiecze\u0144stwa<br>odwo\u0142ujemy wszystkie spotkania formacyjne. Kancelaria Parafialna w tym<br>tygodniu nieczynna. W nag\u0142ych sprawach prosz\u0119 dzwoni\u0107.<\/li><li>Metropolita Przemyski abp Adam Szal udzieli\u0142 od dzisiejszej niedzieli og\u00f3lnej<br>dyspensy od obowi\u0105zku niedzielnego uczestnictwa we Mszy \u015bw. Jednocze\u015bnie<br>zach\u0119camy, aby osoby korzystaj\u0105ce z dyspensy trwa\u0142y na osobistej i rodzinnej<br>modlitwie oraz uczestniczy\u0142y we Mszy \u015bw. poprzez transmisje telewizyjne i radiowe.<\/li><li>Przypominamy zatem, \u017ce w czasie uczestnictwa w liturgii w ko\u015bciele obowi\u0105zuje<br>noszenie masek ochronnych i zachowanie bezpiecznych odleg\u0142o\u015bci. Tak\u017ce poza<br>ko\u015bcio\u0142em starajmy si\u0119 tak\u017ce zachowa\u0107 wymagane \u015brodki ostro\u017cno\u015bci.<\/li><li>Dzi\u0119kujemy parafianom z klatki II bloku nr 1 przy ul. Rogozi\u0144skiego za ofiary na<br>sprz\u0105tanie i\u00a0wystr\u00f3j \u015bwi\u0105tyni. Teraz prosimy o ofiary parafian z klatki III bloku nr 1.<\/li><li>Wy\u0142o\u017cone s\u0105 ju\u017c kartki na wypominki za zmar\u0142ych. Przypominamy o sk\u0142adaniu w<br>zakrystii wypomink\u00f3w za zmar\u0142ych, zaznaczaj\u0105c konkretn\u0105 dat\u0119.<br>Za tydzie\u0144 w nocy z soboty na niedziel\u0119 zmiana czasu na zimowy<\/li><li>W tym tygodniu w liturgii wspominamy:<br>\uf0b7 poniedzia\u0142ek \u2013 b\u0142. Jerzego Popie\u0142uszk\u0119<br>\uf0b7 wtorek \u2013 \u015bw. Jana Kantego<br>\uf0b7 czwartek \u2013 \u015bw. Jana Paw\u0142a II, papie\u017ca<br>\uf0b7 sobota &#8211; b\u0142. Jana Balickiego<\/li><li>W NIEDZIELI i GO\u015aCIU NIEDZIELNYM w zwi\u0105zku z Tygodniem Misyjnym<br>sporo temat\u00f3w zwi\u0105zanych z dzia\u0142alno\u015bci\u0105 misyjn\u0105 Ko\u015bcio\u0142a na r\u00f3\u017cnych<br>kontynentach. S\u0105 tak\u017ce nowe numery kwartalnika MISYJNE DROGI. Pro\u015bmy o ustanie pandemii, polecajmy opiece Matki Bo\u017cej chorych i personel medyczny \u2013 Pod Twoj\u0105 obron\u0119\u2026<\/li><\/ol>\n","protected":false},"excerpt":{"rendered":"<p>OG\u0141OSZENIA DUSZPASTERSKIE Dzisiejsza niedziela misyjna rozpoczyna w ca\u0142ym Ko\u015bciele TYDZIE\u0143MISYJNY. Jest on czasem solidarno\u015bci z ca\u0142y Ko\u015bcio\u0142em misyjnym oraz modlitwy zamisje i\u00a0misjonarzy, wspieraj\u0105c ich nasz\u0105 modlitw\u0105 i sk\u0142adanymi dzi\u015b na tac\u0119 ofiarami. Po Mszy \u015bw. o godz. 15.30 nie b\u0119dzie Adoracji Naj\u015bwi\u0119tszego Sakramentu. Ogodz. 17.30 nabo\u017ce\u0144stwo r\u00f3\u017ca\u0144cowe. R\u00d3\u017bANIEC w naszym ko\u015bciele codziennie ogodz. 17.30, a &hellip; <\/p>\n<p class=\"link-more\"><a href=\"https:\/\/albert.przemyska.pl\/?p=831\" class=\"more-link\">Czytaj dalej<span class=\"screen-reader-text\"> \u201e29 NIEDZIELA ZWYK\u0141A 18.10.2020.\u201d<\/span><\/a><\/p>\n","protected":false},"author":1,"featured_media":832,"comment_status":"closed","ping_status":"closed","sticky":false,"template":"","format":"standard","meta":{"footnotes":""},"categories":[3],"tags":[],"class_list":["post-831","post","type-post","status-publish","format-standard","has-post-thumbnail","hentry","category-ogloszenia"],"_links":{"self":[{"href":"https:\/\/albert.przemyska.pl\/index.php?rest_route=\/wp\/v2\/posts\/831","targetHints":{"allow":["GET"]}}],"collection":[{"href":"https:\/\/albert.przemyska.pl\/index.php?rest_route=\/wp\/v2\/posts"}],"about":[{"href":"https:\/\/albert.przemyska.pl\/index.php?rest_route=\/wp\/v2\/types\/post"}],"author":[{"embeddable":true,"href":"https:\/\/albert.przemyska.pl\/index.php?rest_route=\/wp\/v2\/users\/1"}],"replies":[{"embeddable":true,"href":"https:\/\/albert.przemyska.pl\/index.php?rest_route=%2Fwp%2Fv2%2Fcomments&post=831"}],"version-history":[{"count":1,"href":"https:\/\/albert.przemyska.pl\/index.php?rest_route=\/wp\/v2\/posts\/831\/revisions"}],"predecessor-version":[{"id":833,"href":"https:\/\/albert.przemyska.pl\/index.php?rest_route=\/wp\/v2\/posts\/831\/revisions\/833"}],"wp:featuredmedia":[{"embeddable":true,"href":"https:\/\/albert.przemyska.pl\/index.php?rest_route=\/wp\/v2\/media\/832"}],"wp:attachment":[{"href":"https:\/\/albert.przemyska.pl\/index.php?rest_route=%2Fwp%2Fv2%2Fmedia&parent=831"}],"wp:term":[{"taxonomy":"category","embeddable":true,"href":"https:\/\/albert.przemyska.pl\/index.php?rest_route=%2Fwp%2Fv2%2Fcategories&post=831"},{"taxonomy":"post_tag","embeddable":true,"href":"https:\/\/albert.przemyska.pl\/index.php?rest_route=%2Fwp%2Fv2%2Ftags&post=831"}],"curies":[{"name":"wp","href":"https:\/\/api.w.org\/{rel}","templated":true}]}}