{"id":839,"date":"2020-12-08T10:20:36","date_gmt":"2020-12-08T09:20:36","guid":{"rendered":"https:\/\/albert.przemyska.pl\/?p=839"},"modified":"2020-12-08T10:20:36","modified_gmt":"2020-12-08T09:20:36","slug":"2-niedziela-adwentu-6-12-2020","status":"publish","type":"post","link":"https:\/\/albert.przemyska.pl\/?p=839","title":{"rendered":"2 NIEDZIELA ADWENTU \u2013 6.12.2020."},"content":{"rendered":"\n<p class=\"has-text-align-center has-medium-font-size\"><strong>OG\u0141OSZENIA DUSZPASTERSKIE<\/strong><\/p>\n\n\n\n<ol class=\"wp-block-list\"><li><strong>Dzisiejsza niedziela jest Dniem Modlitwy i Solidarno\u015bci z Ko\u015bcio\u0142ami na<br>Wschodzie. Ofiary sk\u0142adane w czasie Mszy \u015bw. b\u0119d\u0105 przeznaczone w po\u0142owie na<br>pomoc wsp\u00f3lnotom katolickim na Ukrainie, Bia\u0142orusi i w Rosji oraz na Seminarium<br>Duchowne. O godz. 17.30 modlitwa r\u00f3\u017ca\u0144cowa i zmiana tajemnic.<br>Trwamy w Nowennie przed uroczysto\u015bci\u0105 Niepokalanego Pocz\u0119cia Maryi. W<br>modlitwie nowennowej pami\u0119tamy tak\u017ce o klerykach kursu III, kt\u00f3rzy przyjm\u0105<br>sutann\u0119.<\/strong><\/li><li><strong>We wtorek uroczysto\u015b\u0107 NIEPOKALANEGO POCZ\u0118CIA NMP. W tym dniu<br>Roraty rano o godz. 6.00. Wieczorem na Mszy \u015bw. o godz. 18.00 po\u015bwi\u0119cenie<br>medalik\u00f3w dzieci przygotowuj\u0105cych si\u0119 do Pierwszej Komunii \u015bw. Niepokalane<br>Pocz\u0119cie jest dobr\u0105 okazj\u0105 do podj\u0119cia modlitwy za nienarodzone dzieci w ramach<br>DUCHOWEJ ADOPCJI. Deklaracje s\u0105 wy\u0142o\u017cone przy filarach. Gor\u0105co zach\u0119camy.<\/strong><\/li><li><strong>W przysz\u0142\u0105 niedziel\u0119 wypada kolejna rocznica wprowadzenia stanu wojennego.<br>Polecajmy nasz\u0105 ojczyzn\u0119 i m\u00f3dlmy si\u0119 za tych, kt\u00f3rzy ucierpieli w tamtym czasie.<br>Wieczorna Msza \u015bw. w intencji ojczyzny, cz\u0142onk\u00f3w Solidarno\u015bci oraz ludzi pracy.<br>Instytut Pami\u0119ci Narodowej zach\u0119ca do uczczenia ofiar stanu wojennego przez<br>zapalenie \u015bwiat\u0142a wolno\u015bci w oknach dom\u00f3w w niedzielny wiecz\u00f3r 13 XII o g. 19.30.<\/strong><\/li><li><strong>Szczeg\u00f3lnym czasem adwentowego czuwania s\u0105 RORATY w naszej parafii w<br>ci\u0105gu tygodnia o godz.6.00 rano. Dzi\u0119kujemy tym, kt\u00f3rzy gorliwie codziennie si\u0119<br>modl\u0105 i&nbsp;zach\u0119camy innych do uczestnictwa w tym adwentowym czuwaniu. W ci\u0105gu<br>tygodnia na godz. 18.00 zapraszamy dzieci i m\u0142odzie\u017c na adwentowe czuwanie.<\/strong><\/li><li><strong>W ramach przygotowania do bierzmowania na godz. 18.00 na wieczorn\u0105 liturgi\u0119<br>zapraszamy w poniedzia\u0142ek &#8211; klasy VI, we wtorek &#8211; klasy VII, w \u015brod\u0119 &#8211; klasy VIII.<\/strong><\/li><li><strong>Dzi\u0119kujemy parafianom z klatki II bloku nr 2 przy ul. Rogozi\u0144skiego za ofiary na<br>sprz\u0105tanie i wystr\u00f3j \u015bwi\u0105tyni. Teraz prosimy o ofiary parafian z klatki I bloku nr 4.<\/strong><\/li><li><strong>W tym tygodniu w liturgii Ko\u015bcio\u0142a wspominamy:<br>\uf0b7 poniedzia\u0142ek \u2013 \u015bw. Ambro\u017cego, bpa i doktora Ko\u015bcio\u0142a<br>\uf0b7 wtorek \u2013 Niepokalane Pocz\u0119cie Maryi<br>\uf0b7 \u015broda \u2013 \u015bw. Juana Diego<br>\uf0b7 sobota \u2013 NMP z Guadalupe<\/strong><\/li><li><strong>Zach\u0119camy do lektury prasy katolickiej Niedzieli i Go\u015bcia Niedzielnego. W Go\u015bciu<br>ci\u0105g dalszy rozwa\u017ca\u0144 Objawi\u0142o si\u0119 \u017cycie. Przy wyj\u015bciu z ko\u015bcio\u0142a wystawione s\u0105<br>\u015bwiece Caritas [5z\u0142] oraz op\u0142atki wigilijne. Ofiary z op\u0142atk\u00f3w przeznaczone s\u0105 na utrzymanie parafii. Niech czas adwentu b\u0119dzie dla nas rzeczywi\u015bcie czuwaniem na modlitwie, nawr\u00f3ceniem serca oraz otwieraniem si\u0119 na dary Ducha \u015awi\u0119tego.<\/strong><\/li><\/ol>\n\n\n\n<p><\/p>\n","protected":false},"excerpt":{"rendered":"<p>OG\u0141OSZENIA DUSZPASTERSKIE Dzisiejsza niedziela jest Dniem Modlitwy i Solidarno\u015bci z Ko\u015bcio\u0142ami naWschodzie. Ofiary sk\u0142adane w czasie Mszy \u015bw. b\u0119d\u0105 przeznaczone w po\u0142owie napomoc wsp\u00f3lnotom katolickim na Ukrainie, Bia\u0142orusi i w Rosji oraz na SeminariumDuchowne. O godz. 17.30 modlitwa r\u00f3\u017ca\u0144cowa i zmiana tajemnic.Trwamy w Nowennie przed uroczysto\u015bci\u0105 Niepokalanego Pocz\u0119cia Maryi. Wmodlitwie nowennowej pami\u0119tamy tak\u017ce o klerykach &hellip; <\/p>\n<p class=\"link-more\"><a href=\"https:\/\/albert.przemyska.pl\/?p=839\" class=\"more-link\">Czytaj dalej<span class=\"screen-reader-text\"> \u201e2 NIEDZIELA ADWENTU \u2013 6.12.2020.\u201d<\/span><\/a><\/p>\n","protected":false},"author":1,"featured_media":0,"comment_status":"closed","ping_status":"closed","sticky":false,"template":"","format":"standard","meta":{"footnotes":""},"categories":[3],"tags":[],"class_list":["post-839","post","type-post","status-publish","format-standard","hentry","category-ogloszenia"],"_links":{"self":[{"href":"https:\/\/albert.przemyska.pl\/index.php?rest_route=\/wp\/v2\/posts\/839","targetHints":{"allow":["GET"]}}],"collection":[{"href":"https:\/\/albert.przemyska.pl\/index.php?rest_route=\/wp\/v2\/posts"}],"about":[{"href":"https:\/\/albert.przemyska.pl\/index.php?rest_route=\/wp\/v2\/types\/post"}],"author":[{"embeddable":true,"href":"https:\/\/albert.przemyska.pl\/index.php?rest_route=\/wp\/v2\/users\/1"}],"replies":[{"embeddable":true,"href":"https:\/\/albert.przemyska.pl\/index.php?rest_route=%2Fwp%2Fv2%2Fcomments&post=839"}],"version-history":[{"count":2,"href":"https:\/\/albert.przemyska.pl\/index.php?rest_route=\/wp\/v2\/posts\/839\/revisions"}],"predecessor-version":[{"id":842,"href":"https:\/\/albert.przemyska.pl\/index.php?rest_route=\/wp\/v2\/posts\/839\/revisions\/842"}],"wp:attachment":[{"href":"https:\/\/albert.przemyska.pl\/index.php?rest_route=%2Fwp%2Fv2%2Fmedia&parent=839"}],"wp:term":[{"taxonomy":"category","embeddable":true,"href":"https:\/\/albert.przemyska.pl\/index.php?rest_route=%2Fwp%2Fv2%2Fcategories&post=839"},{"taxonomy":"post_tag","embeddable":true,"href":"https:\/\/albert.przemyska.pl\/index.php?rest_route=%2Fwp%2Fv2%2Ftags&post=839"}],"curies":[{"name":"wp","href":"https:\/\/api.w.org\/{rel}","templated":true}]}}