{"id":843,"date":"2020-11-29T10:21:00","date_gmt":"2020-11-29T09:21:00","guid":{"rendered":"https:\/\/albert.przemyska.pl\/?p=843"},"modified":"2020-12-08T10:22:26","modified_gmt":"2020-12-08T09:22:26","slug":"1-niedziela-adwentu-29-11-2020","status":"publish","type":"post","link":"https:\/\/albert.przemyska.pl\/?p=843","title":{"rendered":"1 NIEDZIELA ADWENTU \u2013 29.11.2020."},"content":{"rendered":"\n<p class=\"has-text-align-center has-medium-font-size\">OG\u0141OSZENIA DUSZPASTERSKIE<\/p>\n\n\n\n<ol class=\"wp-block-list\"><li>Dzisiejsza niedziela rozpoczyna w Ko\u015bciele okres ADWENTU, kt\u00f3ry jest<br>przygotowaniem do \u015bwi\u0105t Narodzenia Pa\u0144skiego, a tak\u017ce czasem w kt\u00f3rym Ko\u015bci\u00f3\u0142<br>oczekuje powt\u00f3rnego przyj\u015bcia Pana na ko\u0144cu czas\u00f3w. Dlatego Adwent prze\u017cywamy<br>jako \u015bwi\u0119te i radosne oczekiwanie na przyj\u015bcie Zbawiciela. Tegoroczny adwent<br>rozpoczyna tak\u017ce nowy rok duszpasterski pod has\u0142em Zgromadzeni na \u015awi\u0119tej<br>Wieczerzy, kt\u00f3ry ma nam pom\u00f3c g\u0142\u0119biej prze\u017cywa\u0107 ka\u017cd\u0105 Eucharysti\u0119.<\/li><li>O godz. 17.30 ostatnia w listopadzie modlitwa wypominkowa za zmar\u0142ych. W<br>dniu dzisiejszym tak\u017ce rozpoczynamy Nowenn\u0119 przed uroczysto\u015bci\u0105 Niepokalanego<br>Pocz\u0119cia Maryi. W modlitwie nowennowej pami\u0119tamy tak\u017ce o alumnach kursu III,<br>kt\u00f3rzy przyjm\u0105 szat\u0119 duchown\u0105. Przysz\u0142a niedziela jest Dniem Solidarno\u015bci z<br>Ko\u015bcio\u0142ami na Wschodzie. Po Mszach \u015bw. zbi\u00f3rka do puszek przeznaczona na ten<br>cel.<\/li><li>RORATY w Adwencie w naszej parafii o godz.6.00 rano. Zapraszamy do licznego<br>udzia\u0142u w adwentowym czuwaniu. Prosimy o przynoszenie \u015bwiec zabezpieczonych<br>przed kapaniem wosku na posadzk\u0119. Adwent jest dobr\u0105 okazj\u0105 do podj\u0119cia wysi\u0142ku<br>trze\u017awo\u015bciowego, a tak\u017ce innych dobrych postanowie\u0144.<br>W ci\u0105gu tygodnia od poniedzia\u0142ku do pi\u0105tku na godz. 18.00 zapraszamy dzieci<br>m\u0142odzie\u017c na adwentowe czuwanie z Maryj\u0105 i J\u00f3zefem.<\/li><li>W zakrystii s\u0105 ju\u017c do nabycia \u015aWIECE WIGILIJNE w cenie 5 z\u0142. w ramach<br>corocznej \u015bwi\u0105tecznej akcji Caritas na rzecz dzieci z ubogich rodzin. W tym roku z<br>racji trwaj\u0105cej pandemii OP\u0141ATKI WIGILIJNE nie b\u0119d\u0105 roznoszone, ale s\u0105<br>wystawione w \u015bwi\u0105tyni i tu mo\u017cna je naby\u0107. Ofiary przeznaczone s\u0105 na utrzymanie<br>parafii.<\/li><li>W tym tygodniu wypada pierwszy czwartek, pi\u0105tek i sobota grudnia. W czwartek<br>od godz. 17.00 adoracja Naj\u015bwi\u0119tszego Sakramentu. W pi\u0105tek spowied\u017a od godz.<br>16.30. Nie b\u0119dzie Mszy \u015bw. dla dzieci i m\u0142odzie\u017cy, tylko udzielimy Komunii \u015bw. Do<br>chorych udamy si\u0119 od godz. 8.00 rano.<\/li><li>Dzi\u0119kujemy parafianom z klatki I bloku nr 2 przy ul. Rogozi\u0144skiego za ofiary na<br>sprz\u0105tanie i wystr\u00f3j \u015bwi\u0105tyni. Teraz prosimy o ofiary parafian z klatki II bloku nr 2.<\/li><li>W tym tygodniu w liturgii Ko\u015bcio\u0142a obchodzimy w pi\u0105tek wspomnienie \u015bw.<br>Barbary, dziewicy i m\u0119czennicy, patronki g\u00f3rnik\u00f3w i hutnik\u00f3w.<br>Przypominamy nadal o zachowaniu wszelkich zalece\u0144 sanitarnych i \u015brodk\u00f3w<br>ostro\u017cno\u015bci w zwi\u0105zku z panuj\u0105c\u0105 pandemi\u0105.<\/li><li>Zach\u0119camy do lektury prasy katolickiej. W NIEDZIELI sporo temat\u00f3w maryjnych.<br>Natomiast w GO\u015aCIU rozwa\u017cania adwentowe pt. Objawi\u0142o si\u0119 \u017cycie. W Go\u015bciu jako<\/li><\/ol>\n\n\n\n<p>bezp\u0142atny dodatek kalendarz na 2021 rok. Niech adwentowe czuwanie pomaga nam<br>g\u0142\u0119biej prze\u017cywa\u0107 nasz\u0105 codzienno\u015b\u0107.<\/p>\n","protected":false},"excerpt":{"rendered":"<p>OG\u0141OSZENIA DUSZPASTERSKIE Dzisiejsza niedziela rozpoczyna w Ko\u015bciele okres ADWENTU, kt\u00f3ry jestprzygotowaniem do \u015bwi\u0105t Narodzenia Pa\u0144skiego, a tak\u017ce czasem w kt\u00f3rym Ko\u015bci\u00f3\u0142oczekuje powt\u00f3rnego przyj\u015bcia Pana na ko\u0144cu czas\u00f3w. Dlatego Adwent prze\u017cywamyjako \u015bwi\u0119te i radosne oczekiwanie na przyj\u015bcie Zbawiciela. Tegoroczny adwentrozpoczyna tak\u017ce nowy rok duszpasterski pod has\u0142em Zgromadzeni na \u015awi\u0119tejWieczerzy, kt\u00f3ry ma nam pom\u00f3c g\u0142\u0119biej prze\u017cywa\u0107 ka\u017cd\u0105 &hellip; <\/p>\n<p class=\"link-more\"><a href=\"https:\/\/albert.przemyska.pl\/?p=843\" class=\"more-link\">Czytaj dalej<span class=\"screen-reader-text\"> \u201e1 NIEDZIELA ADWENTU \u2013 29.11.2020.\u201d<\/span><\/a><\/p>\n","protected":false},"author":1,"featured_media":0,"comment_status":"closed","ping_status":"closed","sticky":false,"template":"","format":"standard","meta":{"footnotes":""},"categories":[3],"tags":[],"class_list":["post-843","post","type-post","status-publish","format-standard","hentry","category-ogloszenia"],"_links":{"self":[{"href":"https:\/\/albert.przemyska.pl\/index.php?rest_route=\/wp\/v2\/posts\/843","targetHints":{"allow":["GET"]}}],"collection":[{"href":"https:\/\/albert.przemyska.pl\/index.php?rest_route=\/wp\/v2\/posts"}],"about":[{"href":"https:\/\/albert.przemyska.pl\/index.php?rest_route=\/wp\/v2\/types\/post"}],"author":[{"embeddable":true,"href":"https:\/\/albert.przemyska.pl\/index.php?rest_route=\/wp\/v2\/users\/1"}],"replies":[{"embeddable":true,"href":"https:\/\/albert.przemyska.pl\/index.php?rest_route=%2Fwp%2Fv2%2Fcomments&post=843"}],"version-history":[{"count":1,"href":"https:\/\/albert.przemyska.pl\/index.php?rest_route=\/wp\/v2\/posts\/843\/revisions"}],"predecessor-version":[{"id":844,"href":"https:\/\/albert.przemyska.pl\/index.php?rest_route=\/wp\/v2\/posts\/843\/revisions\/844"}],"wp:attachment":[{"href":"https:\/\/albert.przemyska.pl\/index.php?rest_route=%2Fwp%2Fv2%2Fmedia&parent=843"}],"wp:term":[{"taxonomy":"category","embeddable":true,"href":"https:\/\/albert.przemyska.pl\/index.php?rest_route=%2Fwp%2Fv2%2Fcategories&post=843"},{"taxonomy":"post_tag","embeddable":true,"href":"https:\/\/albert.przemyska.pl\/index.php?rest_route=%2Fwp%2Fv2%2Ftags&post=843"}],"curies":[{"name":"wp","href":"https:\/\/api.w.org\/{rel}","templated":true}]}}