{"id":845,"date":"2020-12-13T09:25:00","date_gmt":"2020-12-13T08:25:00","guid":{"rendered":"https:\/\/albert.przemyska.pl\/?p=845"},"modified":"2020-12-16T09:28:55","modified_gmt":"2020-12-16T08:28:55","slug":"3-niedziela-adwentu-13-12-2020","status":"publish","type":"post","link":"https:\/\/albert.przemyska.pl\/?p=845","title":{"rendered":"3 NIEDZIELA ADWENTU \u2013 13.12.2020."},"content":{"rendered":"\n<p class=\"has-text-align-center has-medium-font-size\"><strong>OG\u0141OSZENIA DUSZPASTERSKIE<\/strong><\/p>\n\n\n\n<ol class=\"wp-block-list\"><li>Dzisiejsza niedziela tradycyjnie zwana GAUDETE czyli Radujcie si\u0119! ma nas zach\u0119ci\u0107 do tego, by odkrywa\u0107 duchow\u0105 rado\u015b\u0107 p\u0142yn\u0105c\u0105 z blisko\u015bci przychodz\u0105cego Zbawiciela. W liturgii od czwartku \u015bpiewamy tzw. Wielkie Antyfony Adwentu.<\/li><li>O godz. 17.30 nabo\u017ce\u0144stwo do Bo\u017cego Mi\u0142osierdzia. Dzi\u015b wypada kolejna rocznica wprowadzenia stanu wojennego. Polecajmy nasz\u0105 ojczyzn\u0119 i m\u00f3dlmy si\u0119 za tych, kt\u00f3rzy ucierpieli w tamtym czasie. Wieczorna Msza \u015bw. w intencji ojczyzny, cz\u0142onk\u00f3w Solidarno\u015bci oraz ludzi pracy. IPN zach\u0119ca do uczczenia ofiar stanu wojennego przez zapalenie dzisiaj \u015bwiat\u0142a wolno\u015bci w oknach dom\u00f3w o godz. 19.30.<\/li><li>W czasie trwaj\u0105cej epidemii nie organizujemy wsp\u00f3lnej Parafialnej Spowiedzi przed \u015awi\u0119tami. Spowiadamy podczas porannych Rorat, natomiast wieczorem od godz. 17.00 &#8211; 18.00. Bardzo prosimy wcze\u015bniej skorzysta\u0107 z sakramentu pojednania.<\/li><li>RORATY w naszej parafii w ci\u0105gu tygodnia o godz.6.00 rano. Dzi\u0119kujemy tym, kt\u00f3rzy gorliwie codziennie si\u0119 modl\u0105 i\u00a0zach\u0119camy innych do adwentowego czuwania. Wieczorem na godz. 18.00 zapraszamy dzieci i m\u0142odzie\u017c na czuwanie z Maryj\u0105.<\/li><li>Ze wzgl\u0119d\u00f3w bezpiecze\u0144stwa przy chrzcielnicy wy\u0142o\u017cone s\u0105 do \u015bwiece wigilijne w cenie 5 z\u0142 w ramach corocznej \u015bwi\u0105tecznej akcji Caritas na rzecz dzieci z ubogich rodzin. Mo\u017cna si\u0119 tam tak\u017ce zaopatrzy\u0107 w po\u015bwi\u0119cone op\u0142atki wigilijne. Ofiary z op\u0142atk\u00f3w jak co roku przeznaczone s\u0105 na utrzymanie parafii.<\/li><li>Nasza Dzielnicowa sier\u017c. sztab. Edyta SIWIEC informuje o wy\u0142udzeniach pieni\u0119dzy przez oszust\u00f3w podaj\u0105cych si\u0119 za policjant\u00f3w. Na tablicy og\u0142osze\u0144 jest podany telefon do pani dzielnicowej i w razie podobnych sytuacji prosz\u0119 do niej dzwoni\u0107.<\/li><li>Dzi\u0119kujemy parafianom z klatki I bloku nr 4 przy ul. Rogozi\u0144skiego za ofiary na sprz\u0105tanie i wystr\u00f3j \u015bwi\u0105tyni. Teraz prosimy o ofiary parafian z klatki II bloku nr 4.<\/li><li>W poniedzia\u0142ek w liturgii Ko\u015bcio\u0142a wspominamy \u015bw. Jana od Krzy\u017ca, karmelit\u0119 i doktora Ko\u015bcio\u0142a. W tym tygodniu przypadaj\u0105 Kwartalne Dni Modlitw o \u017cycie chrze\u015bcija\u0144skie rodzin [tzw. Suche Dni zimowe].<\/li><li>Zach\u0119camy do lektury prasy katolickiej Niedzieli i Go\u015bcia Niedzielnego. W Go\u015bciu ci\u0105g dalszy rozwa\u017ca\u0144 o \u015bwi\u0119to\u015bci ludzkiego \u017cycia. Niech adwent b\u0119dzie dla nas rzeczywi\u015bcie czuwaniem na modlitwie, nawr\u00f3ceniem serca oraz otwieraniem si\u0119 na dary Ducha \u015awi\u0119tego.<\/li><\/ol>\n","protected":false},"excerpt":{"rendered":"<p>OG\u0141OSZENIA DUSZPASTERSKIE Dzisiejsza niedziela tradycyjnie zwana GAUDETE czyli Radujcie si\u0119! ma nas zach\u0119ci\u0107 do tego, by odkrywa\u0107 duchow\u0105 rado\u015b\u0107 p\u0142yn\u0105c\u0105 z blisko\u015bci przychodz\u0105cego Zbawiciela. W liturgii od czwartku \u015bpiewamy tzw. Wielkie Antyfony Adwentu. O godz. 17.30 nabo\u017ce\u0144stwo do Bo\u017cego Mi\u0142osierdzia. Dzi\u015b wypada kolejna rocznica wprowadzenia stanu wojennego. Polecajmy nasz\u0105 ojczyzn\u0119 i m\u00f3dlmy si\u0119 za tych, &hellip; <\/p>\n<p class=\"link-more\"><a href=\"https:\/\/albert.przemyska.pl\/?p=845\" class=\"more-link\">Czytaj dalej<span class=\"screen-reader-text\"> \u201e3 NIEDZIELA ADWENTU \u2013 13.12.2020.\u201d<\/span><\/a><\/p>\n","protected":false},"author":1,"featured_media":0,"comment_status":"closed","ping_status":"closed","sticky":false,"template":"","format":"standard","meta":{"footnotes":""},"categories":[3],"tags":[],"class_list":["post-845","post","type-post","status-publish","format-standard","hentry","category-ogloszenia"],"_links":{"self":[{"href":"https:\/\/albert.przemyska.pl\/index.php?rest_route=\/wp\/v2\/posts\/845","targetHints":{"allow":["GET"]}}],"collection":[{"href":"https:\/\/albert.przemyska.pl\/index.php?rest_route=\/wp\/v2\/posts"}],"about":[{"href":"https:\/\/albert.przemyska.pl\/index.php?rest_route=\/wp\/v2\/types\/post"}],"author":[{"embeddable":true,"href":"https:\/\/albert.przemyska.pl\/index.php?rest_route=\/wp\/v2\/users\/1"}],"replies":[{"embeddable":true,"href":"https:\/\/albert.przemyska.pl\/index.php?rest_route=%2Fwp%2Fv2%2Fcomments&post=845"}],"version-history":[{"count":1,"href":"https:\/\/albert.przemyska.pl\/index.php?rest_route=\/wp\/v2\/posts\/845\/revisions"}],"predecessor-version":[{"id":846,"href":"https:\/\/albert.przemyska.pl\/index.php?rest_route=\/wp\/v2\/posts\/845\/revisions\/846"}],"wp:attachment":[{"href":"https:\/\/albert.przemyska.pl\/index.php?rest_route=%2Fwp%2Fv2%2Fmedia&parent=845"}],"wp:term":[{"taxonomy":"category","embeddable":true,"href":"https:\/\/albert.przemyska.pl\/index.php?rest_route=%2Fwp%2Fv2%2Fcategories&post=845"},{"taxonomy":"post_tag","embeddable":true,"href":"https:\/\/albert.przemyska.pl\/index.php?rest_route=%2Fwp%2Fv2%2Ftags&post=845"}],"curies":[{"name":"wp","href":"https:\/\/api.w.org\/{rel}","templated":true}]}}