{"id":847,"date":"2020-12-21T08:52:55","date_gmt":"2020-12-21T07:52:55","guid":{"rendered":"https:\/\/albert.przemyska.pl\/?p=847"},"modified":"2020-12-21T08:52:55","modified_gmt":"2020-12-21T07:52:55","slug":"4-niedziela-adwentu-20-12-2020","status":"publish","type":"post","link":"https:\/\/albert.przemyska.pl\/?p=847","title":{"rendered":"4 NIEDZIELA ADWENTU 20.12.2020."},"content":{"rendered":"\n<p class=\"has-text-align-center has-medium-font-size\"><strong>OG\u0141OSZENIA DUSZPASTERSKIE<\/strong><\/p>\n\n\n\n<ol class=\"wp-block-list\"><li>O godz. 17.30 dzisiaj nabo\u017ce\u0144stwo r\u00f3\u017ca\u0144cowe w intencji naszych rodzin i parafii. Stowarzyszenie Pomocy \u015aw. Brata Alberta zwraca si\u0119 z pro\u015bb\u0105 o podzielenie si\u0119 na \u015awi\u0119ta wypiekami z potrzebuj\u0105cymi. Prosimy je sk\u0142ada\u0107 bezpo\u015brednio do schroniska. PO\u015aWIECONE OP\u0141ATKI WIGILIJNE s\u0105 wy\u0142o\u017cone przy chrzcielnicy. Sk\u0142adane ofiary przeznaczone s\u0105 na potrzeby parafii.<\/li><li>W tym tygodniu SPOWIED\u0179 jeszcze w do \u015brody. Spowiadamy rano podczas rorat i&nbsp;wieczorem od godz. 16.30 do 18.00. Bardzo prosimy nie odk\u0142ada\u0107 d\u0142u\u017cej spowiedzi.<\/li><li>W \u015brod\u0119 rocznica \u015bwi\u0119ce\u0144 biskupich, a w czwartek dzie\u0144 imienin Abpa Adama SZALA. Polecajmy w modlitwach Jego pastersk\u0105 pos\u0142ug\u0119 w naszej archidiecezji.<\/li><li>We czwartek Wigilia Narodzenia Pa\u0144skiego. Zgodnie z nasz\u0105 chrze\u015bcija\u0144sk\u0105 tradycj\u0105 zach\u0119camy do wstrzymania si\u0119 od potraw mi\u0119snych. Zapraszamy na Msz\u0119 \u015bw. roratni\u0105 o godz. 6.00. Dzi\u0119kujemy wszystkim, kt\u00f3rzy tak licznie i gorliwie uczestniczyli w roratach, a szczeg\u00f3lnie najm\u0142odszym. Podzi\u0119kowania dla p.<br>Franciszka naszego organisty za towarzyszenie \u015bpiewem naszej roratniej modlitwie. W wigili\u0119 nie b\u0119dzie ju\u017c Mszy \u015bw. o godz. 18.00.<\/li><li>Wieczorem w wigili\u0119 zasiadamy do Wieczerzy wigilijnej, kt\u00f3ra prze\u017cywana w rodzinnym gronie powinna by\u0107 po\u0142\u0105czona z odczytaniem fragmentu Pisma \u015bw. o narodzeniu Pana Jezusa, wsp\u00f3ln\u0105 modlitw\u0105, \u015bpiewem kol\u0119d i pami\u0119ci\u0105 o samotnych. Niech alkohol nie niszczy atmosfery jedno\u015bci i pokoju naszych rodzin.<\/li><li>O p\u00f3\u0142nocy [24 XII] zapraszamy na PASTERK\u0118, kt\u00f3ra rozpoczyna obch\u00f3d \u015awi\u0105t Bo\u017cego Narodzenia. Na Pasterk\u0119 i \u015bwi\u0105teczne liturgie zapraszamy jak zawsze dawnych lektor\u00f3w i ministrant\u00f3w. Msze \u015bw. w Bo\u017ce Narodzenie i w \u015bwi\u0119to \u015bw. Szczepana o godz. 8.00, 10.00, 11.30 i 15.30. Nie b\u0119dzie Mszy \u015bw. o godz. 18.00! Zach\u0119camy do rodzinnego \u015bwi\u0119towania tego czasu i wsp\u00f3lnego kol\u0119dowania w gronie najbli\u017cszych.<\/li><li>W Bo\u017ce Narodzenie mo\u017cna zyska\u0107 odpust zupe\u0142ny za przyj\u0119cie w pobo\u017cnym usposobieniu przez radio lub telewizj\u0119 papieskiego b\u0142ogos\u0142awie\u0144stwa Urbi et Orbi.<\/li><li>Dzi\u0119kujemy za ofiary na sprz\u0105tanie i wystr\u00f3j \u015bwi\u0105tyni parafianom z II klatki bloku nr 2 przy ul. Rogozi\u0144skiego. Teraz prosimy o ofiary parafian z I klatki bloku 5.<\/li><li>Zach\u0119camy do lektury prasy katolickiej. Jak zawsze na \u015awi\u0119ta s\u0105 dodatkowe numery zar\u00f3wno Niedzieli i Go\u015bcia Niedzielnego. Warto si\u0119gn\u0105\u0107 w \u015bwi\u0105tecznym czasie po lektur\u0119, kt\u00f3ra mo\u017ce pom\u00f3c pog\u0142\u0119bi\u0107 prze\u017cywan\u0105 tajemnic\u0119 wcielenia. Jako dodatek w gazetach &#8211; tekst Ewangelii o Narodzeniu Jezusa i modlitwy przy wigilijnej<br>wieczerzy.<\/li><\/ol>\n","protected":false},"excerpt":{"rendered":"<p>OG\u0141OSZENIA DUSZPASTERSKIE O godz. 17.30 dzisiaj nabo\u017ce\u0144stwo r\u00f3\u017ca\u0144cowe w intencji naszych rodzin i parafii. Stowarzyszenie Pomocy \u015aw. Brata Alberta zwraca si\u0119 z pro\u015bb\u0105 o podzielenie si\u0119 na \u015awi\u0119ta wypiekami z potrzebuj\u0105cymi. Prosimy je sk\u0142ada\u0107 bezpo\u015brednio do schroniska. PO\u015aWIECONE OP\u0141ATKI WIGILIJNE s\u0105 wy\u0142o\u017cone przy chrzcielnicy. Sk\u0142adane ofiary przeznaczone s\u0105 na potrzeby parafii. W tym tygodniu SPOWIED\u0179 &hellip; <\/p>\n<p class=\"link-more\"><a href=\"https:\/\/albert.przemyska.pl\/?p=847\" class=\"more-link\">Czytaj dalej<span class=\"screen-reader-text\"> \u201e4 NIEDZIELA ADWENTU 20.12.2020.\u201d<\/span><\/a><\/p>\n","protected":false},"author":1,"featured_media":0,"comment_status":"closed","ping_status":"closed","sticky":false,"template":"","format":"standard","meta":{"footnotes":""},"categories":[3],"tags":[],"class_list":["post-847","post","type-post","status-publish","format-standard","hentry","category-ogloszenia"],"_links":{"self":[{"href":"https:\/\/albert.przemyska.pl\/index.php?rest_route=\/wp\/v2\/posts\/847","targetHints":{"allow":["GET"]}}],"collection":[{"href":"https:\/\/albert.przemyska.pl\/index.php?rest_route=\/wp\/v2\/posts"}],"about":[{"href":"https:\/\/albert.przemyska.pl\/index.php?rest_route=\/wp\/v2\/types\/post"}],"author":[{"embeddable":true,"href":"https:\/\/albert.przemyska.pl\/index.php?rest_route=\/wp\/v2\/users\/1"}],"replies":[{"embeddable":true,"href":"https:\/\/albert.przemyska.pl\/index.php?rest_route=%2Fwp%2Fv2%2Fcomments&post=847"}],"version-history":[{"count":1,"href":"https:\/\/albert.przemyska.pl\/index.php?rest_route=\/wp\/v2\/posts\/847\/revisions"}],"predecessor-version":[{"id":848,"href":"https:\/\/albert.przemyska.pl\/index.php?rest_route=\/wp\/v2\/posts\/847\/revisions\/848"}],"wp:attachment":[{"href":"https:\/\/albert.przemyska.pl\/index.php?rest_route=%2Fwp%2Fv2%2Fmedia&parent=847"}],"wp:term":[{"taxonomy":"category","embeddable":true,"href":"https:\/\/albert.przemyska.pl\/index.php?rest_route=%2Fwp%2Fv2%2Fcategories&post=847"},{"taxonomy":"post_tag","embeddable":true,"href":"https:\/\/albert.przemyska.pl\/index.php?rest_route=%2Fwp%2Fv2%2Ftags&post=847"}],"curies":[{"name":"wp","href":"https:\/\/api.w.org\/{rel}","templated":true}]}}