{"id":849,"date":"2020-12-28T09:35:35","date_gmt":"2020-12-28T08:35:35","guid":{"rendered":"https:\/\/albert.przemyska.pl\/?p=849"},"modified":"2020-12-28T09:35:35","modified_gmt":"2020-12-28T08:35:35","slug":"niedziela-swietej-rodziny-27-12-2020","status":"publish","type":"post","link":"https:\/\/albert.przemyska.pl\/?p=849","title":{"rendered":"NIEDZIELA \u015aWI\u0118TEJ RODZINY 27.12.2020"},"content":{"rendered":"\n<p class=\"has-text-align-center has-medium-font-size\"><strong>OG\u0141OSZENIA DUSZPASTERSKIE<\/strong><\/p>\n\n\n\n<ol class=\"wp-block-list\"><li>Dzisiejsza NIEDZIELA \u015aWI\u0118TEJ RODZINY, przypomina nam wszystkim o warto\u015bci ludzkiego \u017cycia i niezast\u0105pionej roli rodzic\u00f3w w przekazywaniu wiary. Otoczmy zatem ma\u0142\u017conk\u00f3w i rodziny naszej parafialnej<br>wsp\u00f3lnoty szczer\u0105 modlitw\u0105. Za tydzie\u0144 po nabo\u017ce\u0144stwie zmiana tajemnic r\u00f3\u017ca\u0144ca.<\/li><li>W poniedzia\u0142ek \u015bwi\u0119to \u015bw. M\u0142odziank\u00f3w, m\u0119czennik\u00f3w. W czwartek zako\u0144czenie roku Pa\u0144skiego 2020. Ze wzgl\u0119du na p\u00f3\u017aniejsze ograniczenia w przemieszczaniu si\u0119, nabo\u017ce\u0144stwo przeb\u0142agalno \u2013 dzi\u0119kczynne na zako\u0144czenie 2020 roku o godz. 17.00, a o godz. 17.30 Msza \u015bw. dzi\u0119kczynna za mijaj\u0105cy rok. Za udzia\u0142 w tym nabo\u017ce\u0144stwie mo\u017cna zyska\u0107 odpust zupe\u0142ny pod zwyk\u0142ymi warunkami.<\/li><li>W pi\u0105tek NOWY ROK &#8211; Uroczysto\u015b\u0107 \u015awi\u0119tej Bo\u017cej Rodzicielki Maryi. Jest to tak\u017ce \u015awiatowy Dzie\u0144 modlitwy o pok\u00f3j na \u015bwiecie. Porz\u0105dek Mszy \u015bw. niedzielny. Z racji, \u017ce wypada pierwszy pi\u0105tek miesi\u0105ca \u2013 do chorych udamy si\u0119 od godz. 13.00, natomiast spowiada\u0107 b\u0119dziemy podczas Mszy \u015bw. Z racji uroczysto\u015bci nie obowi\u0105zuje wstrzemi\u0119\u017aliwo\u015b\u0107 od pokarm\u00f3w mi\u0119snych.<\/li><li>Dzi\u0119kujemy parafianom z I klatki bloku nr 5 przy ul. Rogozi\u0144skiego za ofiary na sprz\u0105tanie \u015bwi\u0105tyni. Teraz prosimy o ofiary parafian z klatki II bloku nr 5.<\/li><li>W tym tygodniu rozpoczynamy SPOTKANIA KOL\u0118DOWE. Na wieczorn\u0105 Eucharysti\u0119, sprawowan\u0105 w intencji rodzin z danego rejonu parafii, zapraszamy parafian tam zamieszkuj\u0105cych. Prosimy o zaanga\u017cowanie w liturgi\u0119, a tak\u017ce o przyniesienie wody, kt\u00f3r\u0105 po\u015bwi\u0119cimy, aby mo\u017cna ni\u0105 by\u0142o pokropi\u0107 mieszkania.<\/li><\/ol>\n\n\n\n<p>PLAN SPOTKA\u0143 KOL\u0118DOWYCH W TYM TYGODNIU<br>\uf0b7 Poniedzia\u0142ek \u2013 ul. St. Augusta bloki 16, 16A, 20, 20A<br>\uf0b7 Wtorek \u2013 ul. St. Augusta bloki 18A oraz mieszka\u0144cy dom\u00f3w z ul. Borelowskiego, 29 Listopada i St. Augusta<br>\uf0b7 \u015aroda \u2013 WINNA G\u00d3RA [ul. Chrobrego, Wyspia\u0144skiego, Mireckiego, Tarnowskiego, Idzikowskiego, Gliniana, E. Plater, Dobra, Astronaut\u00f3w<br>\uf0b7 Sobota \u2013 PODWINIE [ul. Chod\u017aki, Ordona, Ma\u0142achowskiego, Podg\u00f3rska, Wybickiego<\/p>\n\n\n\n<ol class=\"wp-block-list\" start=\"6\"><li>W tym tygodniu wypada we wtorek wspomnienie \u015bw. Tomasza Becketa, bpa i m\u0119czennika; w czwartek \u2013 \u015bw. Sylwestra, papie\u017ca i w sobot\u0119 \u2013 \u015bw. Bazylego i Grzegorza, bp\u00f3w i doktor\u00f3w Ko\u015bcio\u0142a. Niech Pan b\u0142ogos\u0142awi nasze rodziny i naszych bliskich.<\/li><\/ol>\n","protected":false},"excerpt":{"rendered":"<p>OG\u0141OSZENIA DUSZPASTERSKIE Dzisiejsza NIEDZIELA \u015aWI\u0118TEJ RODZINY, przypomina nam wszystkim o warto\u015bci ludzkiego \u017cycia i niezast\u0105pionej roli rodzic\u00f3w w przekazywaniu wiary. Otoczmy zatem ma\u0142\u017conk\u00f3w i rodziny naszej parafialnejwsp\u00f3lnoty szczer\u0105 modlitw\u0105. Za tydzie\u0144 po nabo\u017ce\u0144stwie zmiana tajemnic r\u00f3\u017ca\u0144ca. W poniedzia\u0142ek \u015bwi\u0119to \u015bw. M\u0142odziank\u00f3w, m\u0119czennik\u00f3w. W czwartek zako\u0144czenie roku Pa\u0144skiego 2020. Ze wzgl\u0119du na p\u00f3\u017aniejsze ograniczenia w przemieszczaniu &hellip; <\/p>\n<p class=\"link-more\"><a href=\"https:\/\/albert.przemyska.pl\/?p=849\" class=\"more-link\">Czytaj dalej<span class=\"screen-reader-text\"> \u201eNIEDZIELA \u015aWI\u0118TEJ RODZINY 27.12.2020\u201d<\/span><\/a><\/p>\n","protected":false},"author":1,"featured_media":700,"comment_status":"closed","ping_status":"closed","sticky":false,"template":"","format":"standard","meta":{"footnotes":""},"categories":[3],"tags":[],"class_list":["post-849","post","type-post","status-publish","format-standard","has-post-thumbnail","hentry","category-ogloszenia"],"_links":{"self":[{"href":"https:\/\/albert.przemyska.pl\/index.php?rest_route=\/wp\/v2\/posts\/849","targetHints":{"allow":["GET"]}}],"collection":[{"href":"https:\/\/albert.przemyska.pl\/index.php?rest_route=\/wp\/v2\/posts"}],"about":[{"href":"https:\/\/albert.przemyska.pl\/index.php?rest_route=\/wp\/v2\/types\/post"}],"author":[{"embeddable":true,"href":"https:\/\/albert.przemyska.pl\/index.php?rest_route=\/wp\/v2\/users\/1"}],"replies":[{"embeddable":true,"href":"https:\/\/albert.przemyska.pl\/index.php?rest_route=%2Fwp%2Fv2%2Fcomments&post=849"}],"version-history":[{"count":1,"href":"https:\/\/albert.przemyska.pl\/index.php?rest_route=\/wp\/v2\/posts\/849\/revisions"}],"predecessor-version":[{"id":850,"href":"https:\/\/albert.przemyska.pl\/index.php?rest_route=\/wp\/v2\/posts\/849\/revisions\/850"}],"wp:featuredmedia":[{"embeddable":true,"href":"https:\/\/albert.przemyska.pl\/index.php?rest_route=\/wp\/v2\/media\/700"}],"wp:attachment":[{"href":"https:\/\/albert.przemyska.pl\/index.php?rest_route=%2Fwp%2Fv2%2Fmedia&parent=849"}],"wp:term":[{"taxonomy":"category","embeddable":true,"href":"https:\/\/albert.przemyska.pl\/index.php?rest_route=%2Fwp%2Fv2%2Fcategories&post=849"},{"taxonomy":"post_tag","embeddable":true,"href":"https:\/\/albert.przemyska.pl\/index.php?rest_route=%2Fwp%2Fv2%2Ftags&post=849"}],"curies":[{"name":"wp","href":"https:\/\/api.w.org\/{rel}","templated":true}]}}