{"id":851,"date":"2021-01-04T12:23:39","date_gmt":"2021-01-04T11:23:39","guid":{"rendered":"https:\/\/albert.przemyska.pl\/?p=851"},"modified":"2021-01-04T12:23:39","modified_gmt":"2021-01-04T11:23:39","slug":"2-niedziela-po-bozym-narodzeniu-3-01-2021","status":"publish","type":"post","link":"https:\/\/albert.przemyska.pl\/?p=851","title":{"rendered":"2 NIEDZIELA PO BO\u017bYM NARODZENIU 3.01.2021."},"content":{"rendered":"\n<p class=\"has-text-align-center has-medium-font-size\"><strong>OG\u0141OSZENIA DUSZPASTERSKIE<\/strong><\/p>\n\n\n\n<ol class=\"wp-block-list\"><li>Dzisiaj o godz. 17.30 r\u00f3\u017caniec w intencji naszych rodzin i ojczyzny oraz zmiana tajemnic. Sk\u0142adka mszalna przeznaczona jest na Seminarium Duchowne.<\/li><li>W \u015brod\u0119 uroczysto\u015b\u0107 OBJAWIENIA PA\u0143SKIEGO &#8211; TRZECH KR\u00d3LI. Zar\u00f3wno sk\u0142adka mszalna oraz ofiary za kred\u0119 i kadzid\u0142o przeznaczone s\u0105 na misje. Drzwi naszych dom\u00f3w oznaczamy po\u015bwi\u0119con\u0105 kred\u0105, jako znak<br>naszego wyznania wiary i pro\u015bby o Bo\u017ce b\u0142ogos\u0142awie\u0144stwo w rozpocz\u0119tymnowym roku.<\/li><li>W tym tygodniu wypada pierwszy czwartek stycznia. Od godz. 17.00 adoracja Naj\u015bwi\u0119tszego Sakramentu.<\/li><li>Dzi\u0119kujemy parafianom z klatki II bloku nr 5 przy ul. Rogozi\u0144skiego za ofiary na sprz\u0105tanie. Teraz prosimy o ofiary parafian z klatki III bloku nr 5.<\/li><li>W tym tygodniu zapraszamy na spotkania kol\u0119dowe i b\u0142ogos\u0142awie\u0144stwo rodzin podczas wieczornej Mszy \u015bw. mieszka\u0144c\u00f3w z nast\u0119puj\u0105cych rejon\u00f3w naszej parafii:<br>PONIEDZIA\u0141EK [4.01.21] \u2013 mieszka\u0144c\u00f3w dom\u00f3w z tzw. ULICZEK [ul.Ko\u017amiana, Kad\u0142ubka, Orzeszkowej, Rodziewicz\u00f3wny, Lenartowicza, Barcewicza, Pogodnej i Rogozi\u0144skiego] oraz ul. Focha i R\u00f3wna.<\/li><\/ol>\n\n\n\n<p>WTOREK [5.01.21] \u2013 ul. Rogozi\u0144skiego mieszka\u0144cy blok\u00f3w nr 1, 2, 3, 4<\/p>\n\n\n\n<p>CZWARTEK [7.01.21] \u2013 ul. Rogozi\u0144skiego mieszka\u0144cy blok\u00f3w nr 5, 11, 15; oraz ul. Borelowskiego nr 10<\/p>\n\n\n\n<p>PI\u0104TEK [8.01.21] &#8211; ul. Rogozi\u0144skiego mieszka\u0144cy blok\u00f3w nr 13 i 17<\/p>\n\n\n\n<p>SOBOTA [9.01.21] \u2013 ul. Rogozi\u0144skiego mieszka\u0144cy blok\u00f3w nr 19, 21, 23<\/p>\n\n\n\n<ol class=\"wp-block-list\" start=\"6\"><li>Zach\u0119camy do lektury Niedzieli i Go\u015bcia Niedzielnego. Przy filarach wy\u0142o\u017cone s\u0105 przekazy pocztowe z mo\u017cliwo\u015bci\u0105 z\u0142o\u017cenia ofiary na misjonarzy i dzia\u0142alno\u015b\u0107 misyjn\u0105, jak\u0105 podejmuj\u0105 kap\u0142ani pochodz\u0105cy z naszej archidiecezji. Mo\u017cna je zabra\u0107 i w dowolnym czasie wesprze\u0107 misje.Serdecznie zach\u0119camy do tej formy wsparcia dzia\u0142alno\u015bci misyjnej Ko\u015bcio\u0142a.<\/li><\/ol>\n","protected":false},"excerpt":{"rendered":"<p>OG\u0141OSZENIA DUSZPASTERSKIE Dzisiaj o godz. 17.30 r\u00f3\u017caniec w intencji naszych rodzin i ojczyzny oraz zmiana tajemnic. Sk\u0142adka mszalna przeznaczona jest na Seminarium Duchowne. W \u015brod\u0119 uroczysto\u015b\u0107 OBJAWIENIA PA\u0143SKIEGO &#8211; TRZECH KR\u00d3LI. Zar\u00f3wno sk\u0142adka mszalna oraz ofiary za kred\u0119 i kadzid\u0142o przeznaczone s\u0105 na misje. Drzwi naszych dom\u00f3w oznaczamy po\u015bwi\u0119con\u0105 kred\u0105, jako znaknaszego wyznania wiary i &hellip; <\/p>\n<p class=\"link-more\"><a href=\"https:\/\/albert.przemyska.pl\/?p=851\" class=\"more-link\">Czytaj dalej<span class=\"screen-reader-text\"> \u201e2 NIEDZIELA PO BO\u017bYM NARODZENIU 3.01.2021.\u201d<\/span><\/a><\/p>\n","protected":false},"author":1,"featured_media":0,"comment_status":"closed","ping_status":"closed","sticky":false,"template":"","format":"standard","meta":{"footnotes":""},"categories":[3],"tags":[],"class_list":["post-851","post","type-post","status-publish","format-standard","hentry","category-ogloszenia"],"_links":{"self":[{"href":"https:\/\/albert.przemyska.pl\/index.php?rest_route=\/wp\/v2\/posts\/851","targetHints":{"allow":["GET"]}}],"collection":[{"href":"https:\/\/albert.przemyska.pl\/index.php?rest_route=\/wp\/v2\/posts"}],"about":[{"href":"https:\/\/albert.przemyska.pl\/index.php?rest_route=\/wp\/v2\/types\/post"}],"author":[{"embeddable":true,"href":"https:\/\/albert.przemyska.pl\/index.php?rest_route=\/wp\/v2\/users\/1"}],"replies":[{"embeddable":true,"href":"https:\/\/albert.przemyska.pl\/index.php?rest_route=%2Fwp%2Fv2%2Fcomments&post=851"}],"version-history":[{"count":2,"href":"https:\/\/albert.przemyska.pl\/index.php?rest_route=\/wp\/v2\/posts\/851\/revisions"}],"predecessor-version":[{"id":854,"href":"https:\/\/albert.przemyska.pl\/index.php?rest_route=\/wp\/v2\/posts\/851\/revisions\/854"}],"wp:attachment":[{"href":"https:\/\/albert.przemyska.pl\/index.php?rest_route=%2Fwp%2Fv2%2Fmedia&parent=851"}],"wp:term":[{"taxonomy":"category","embeddable":true,"href":"https:\/\/albert.przemyska.pl\/index.php?rest_route=%2Fwp%2Fv2%2Fcategories&post=851"},{"taxonomy":"post_tag","embeddable":true,"href":"https:\/\/albert.przemyska.pl\/index.php?rest_route=%2Fwp%2Fv2%2Ftags&post=851"}],"curies":[{"name":"wp","href":"https:\/\/api.w.org\/{rel}","templated":true}]}}