{"id":855,"date":"2021-01-01T08:30:00","date_gmt":"2021-01-01T07:30:00","guid":{"rendered":"https:\/\/albert.przemyska.pl\/?p=855"},"modified":"2021-01-04T12:33:10","modified_gmt":"2021-01-04T11:33:10","slug":"uroczystosc-bozej-rodzicielki-maryi-nowy-rok-1-01-2021","status":"publish","type":"post","link":"https:\/\/albert.przemyska.pl\/?p=855","title":{"rendered":"UROCZYSTO\u015a\u0106 BO\u017bEJ RODZICIELKI MARYI NOWY ROK &#8211; 1.01.2021."},"content":{"rendered":"\n<p class=\"has-text-align-center has-medium-font-size\"><strong>OG\u0141OSZENIA DUSZPASTERSKIE<\/strong><br><\/p>\n\n\n\n<p><strong>W ubieg\u0142ym 2020 roku w naszej parafii ochrzczonych zosta\u0142o 26 dzieci; do wieczno\u015bci odesz\u0142o 32 spo\u015br\u00f3d naszych parafian, a tak\u017ce 5 mieszka\u0144c\u00f3w DPS-u; do sakramentu bierzmowania przyst\u0105pi\u0142o 33 m\u0142odych; sakrament ma\u0142\u017ce\u0144stwa zawar\u0142o 13 par; do Pierwszej Spowiedzi i Komunii \u015bw. przyst\u0105pi\u0142o 33 dzieci; w ci\u0105gu<br>ca\u0142ego roku rozdano ok. 60 tys. Komunii \u015aw. Pragniemy u pocz\u0105tku nowego roku serdecznie podzi\u0119kowa\u0107 wszystkim, kt\u00f3rzy poprzez ca\u0142y rok wspieraj\u0105 swymi ofiarami utrzymanie naszej \u015bwi\u0105tyni oraz dzia\u0142alno\u015b\u0107 parafialn\u0105, kt\u00f3rzy systematycznie sk\u0142adaj\u0105 ofiary na sprz\u0105tanie i wystr\u00f3j ko\u015bcio\u0142a. Dzi\u0119kujemy za wsparcie tak wielu inicjatyw naszej diecezjalnej CARITAS a tak\u017ce pomoc okazywan\u0105 misjom i wszystkim potrzebuj\u0105cym.<\/strong><\/p>\n\n\n\n<p><\/p>\n\n\n\n<p class=\"has-text-align-center has-vivid-red-color has-text-color has-medium-font-size\"><strong>\u017bYCZENIA NOWOROCZNE<\/strong><\/p>\n\n\n\n<p>Z okazji Nowego roku wszystkim parafianom w kraju i za granic\u0105, go\u015bciom i&nbsp;przyjacio\u0142om naszego ko\u015bcio\u0142a sk\u0142adamy z serca p\u0142yn\u0105ce \u017cyczenia.<br>\u201eWszystko bowiem, co z Boga zrodzone, zwyci\u0119\u017ca \u015bwiat; tym w\u0142a\u015bnie zwyci\u0119stwem, kt\u00f3re zwyci\u0119\u017cy\u0142o \u015bwiat, jest nasza wiara\u201d (1J 5,4)<\/p>\n\n\n\n<p>Niech ten Nowy Rok, kt\u00f3ry rozpoczynamy w czasie trwaj\u0105cej jeszcze w \u015bwiecie pandemii, pomo\u017ce nam odnajdywa\u0107 w Narodzonym Chrystusie \u2013 Zbawiciela, kt\u00f3ry przyszed\u0142 na ziemi\u0119 i wszed\u0142 w nasze ludzkie l\u0119ki, aby je nape\u0142ni\u0107 pokojem i \u0142ask\u0105 zbawienia. Niech dobry B\u00f3g pomaga nam odnajdywa\u0107 si\u0142\u0119 wiary, kt\u00f3ra jest \u017ar\u00f3d\u0142em duchowej mocy w \u017cyciowych przeciwno\u015bciach i \u015bwiat\u0142em w ka\u017cdej ciemno\u015bci \u017cycia.<br>Niech ten czas Nowego Roku, kt\u00f3ry jest przed nami, obfituje w pok\u00f3j i zgod\u0119, w cierpliwo\u015b\u0107 i przebaczenie, a nade wszystko w odkrywanie obecno\u015bci Jezusa &#8211; Bo\u017cego Syna w ka\u017cdej Eucharystii, a tak\u017ce w waszych rodzinach, w pracy i codziennej trosce o tych, kt\u00f3rych kochacie. Niech Maryja Dziewica, przynosz\u0105ca nam Chrystusa, kt\u00f3ry jest Bo\u017cym b\u0142ogos\u0142awie\u0144stwem dla ka\u017cdego z nas, wyjedna w rozpocz\u0119tym Nowym Roku 2021 pok\u00f3j naszym sercom, rodzinom, ojczy\u017anie i \u015bwiatu!<\/p>\n\n\n\n<p>Szcz\u0119\u015bliwego i b\u0142ogos\u0142awionego Nowego Roku!<\/p>\n","protected":false},"excerpt":{"rendered":"<p>OG\u0141OSZENIA DUSZPASTERSKIE W ubieg\u0142ym 2020 roku w naszej parafii ochrzczonych zosta\u0142o 26 dzieci; do wieczno\u015bci odesz\u0142o 32 spo\u015br\u00f3d naszych parafian, a tak\u017ce 5 mieszka\u0144c\u00f3w DPS-u; do sakramentu bierzmowania przyst\u0105pi\u0142o 33 m\u0142odych; sakrament ma\u0142\u017ce\u0144stwa zawar\u0142o 13 par; do Pierwszej Spowiedzi i Komunii \u015bw. przyst\u0105pi\u0142o 33 dzieci; w ci\u0105guca\u0142ego roku rozdano ok. 60 tys. Komunii \u015aw. Pragniemy &hellip; <\/p>\n<p class=\"link-more\"><a href=\"https:\/\/albert.przemyska.pl\/?p=855\" class=\"more-link\">Czytaj dalej<span class=\"screen-reader-text\"> \u201eUROCZYSTO\u015a\u0106 BO\u017bEJ RODZICIELKI MARYI NOWY ROK &#8211; 1.01.2021.\u201d<\/span><\/a><\/p>\n","protected":false},"author":1,"featured_media":857,"comment_status":"closed","ping_status":"closed","sticky":false,"template":"","format":"standard","meta":{"footnotes":""},"categories":[3],"tags":[],"class_list":["post-855","post","type-post","status-publish","format-standard","has-post-thumbnail","hentry","category-ogloszenia"],"_links":{"self":[{"href":"https:\/\/albert.przemyska.pl\/index.php?rest_route=\/wp\/v2\/posts\/855","targetHints":{"allow":["GET"]}}],"collection":[{"href":"https:\/\/albert.przemyska.pl\/index.php?rest_route=\/wp\/v2\/posts"}],"about":[{"href":"https:\/\/albert.przemyska.pl\/index.php?rest_route=\/wp\/v2\/types\/post"}],"author":[{"embeddable":true,"href":"https:\/\/albert.przemyska.pl\/index.php?rest_route=\/wp\/v2\/users\/1"}],"replies":[{"embeddable":true,"href":"https:\/\/albert.przemyska.pl\/index.php?rest_route=%2Fwp%2Fv2%2Fcomments&post=855"}],"version-history":[{"count":1,"href":"https:\/\/albert.przemyska.pl\/index.php?rest_route=\/wp\/v2\/posts\/855\/revisions"}],"predecessor-version":[{"id":856,"href":"https:\/\/albert.przemyska.pl\/index.php?rest_route=\/wp\/v2\/posts\/855\/revisions\/856"}],"wp:featuredmedia":[{"embeddable":true,"href":"https:\/\/albert.przemyska.pl\/index.php?rest_route=\/wp\/v2\/media\/857"}],"wp:attachment":[{"href":"https:\/\/albert.przemyska.pl\/index.php?rest_route=%2Fwp%2Fv2%2Fmedia&parent=855"}],"wp:term":[{"taxonomy":"category","embeddable":true,"href":"https:\/\/albert.przemyska.pl\/index.php?rest_route=%2Fwp%2Fv2%2Fcategories&post=855"},{"taxonomy":"post_tag","embeddable":true,"href":"https:\/\/albert.przemyska.pl\/index.php?rest_route=%2Fwp%2Fv2%2Ftags&post=855"}],"curies":[{"name":"wp","href":"https:\/\/api.w.org\/{rel}","templated":true}]}}