{"id":862,"date":"2021-01-17T13:24:22","date_gmt":"2021-01-17T12:24:22","guid":{"rendered":"https:\/\/albert.przemyska.pl\/?p=862"},"modified":"2021-01-17T13:24:22","modified_gmt":"2021-01-17T12:24:22","slug":"2-niedziela-zwykla-17-01-2021","status":"publish","type":"post","link":"https:\/\/albert.przemyska.pl\/?p=862","title":{"rendered":"2 NIEDZIELA ZWYK\u0141A 17.01.2021."},"content":{"rendered":"\n<p class=\"has-text-align-center has-vivid-red-color has-text-color has-medium-font-size\">OG\u0141OSZENIA DUSZPASTERSKIE<\/p>\n\n\n\n<ol class=\"wp-block-list\"><li><strong>O godz. 17.30 nabo\u017ce\u0144stwo r\u00f3\u017ca\u0144cowe w intencji naszych rodzin i ca\u0142ej parafii. Za tydzie\u0144 NIEDZIELA S\u0141OWA BO\u017bEGO.<\/strong><\/li><li><strong>Od poniedzia\u0142ku rozpoczyna si\u0119 w ca\u0142ym Ko\u015bciele TYDZIE\u0143 MODLITW O JEDNO\u015a\u0106 CHRZE\u015aCIJAN. B\u0119dziemy prosi\u0107 o dar jedno\u015bci dla wszystkich wyznawc\u00f3w Chrystusa.<\/strong><\/li><li><strong>We wtorek wspomnienie \u015bw. bpa J\u00f3zefa Sebastiana Pelczara. Jego wstawiennictwu polecajmy nasz\u0105 archidiecezj\u0119, kt\u00f3rej patronuje i pos\u0142ug\u0119 naszych biskup\u00f3w i kap\u0142an\u00f3w. W parafii na Monte Cassino uroczysto\u015b\u0107 odpustowa w przysz\u0142\u0105 niedziel\u0119.<\/strong><\/li><li><strong>We czwartek \u015bwi\u0119tujemy Dzie\u0144 Babci, a w pi\u0105tek Dzie\u0144 Dziadka. Polecajmy naszych senior\u00f3w szczeg\u00f3lnej opiece Matki Naj\u015bwi\u0119tszej, dzi\u0119kuj\u0105c im za cierpliwe i dobre serca oraz prosz\u0105c dla nich o zdrowie i si\u0142y.<\/strong><\/li><li><strong>Najbli\u017csza niedziela jest DNIEM SOLIDARNO\u015aCI Z CHORWACJ\u0104, dlatego za tydzie\u0144 po Mszach \u015bw. b\u0119d\u0105 zbierane datki do puszek na rzecz ofiar trz\u0119sienia ziemi w Chorwacji. Gor\u0105co zach\u0119camy do solidarnej ofiarno\u015bci.<\/strong><\/li><li><strong>Tak\u017ce w najbli\u017csz\u0105 niedziel\u0119 w naszym ko\u015bciele b\u0119dzie go\u015bci\u0142 ch\u00f3r akademicki z Rzeszowa na Mszy \u015bw. o godz. 11.30. Przed Msz\u0105 \u015bw. b\u0119dzie kr\u00f3tki koncert kol\u0119d.<\/strong><\/li><li><strong>Dzi\u0119kujemy parafianom z klatki I bloku nr 11 przy ul. Rogozi\u0144skiego za ofiary na sprz\u0105tanie i wystr\u00f3j \u015bwi\u0105tyni. Teraz prosimy o ofiary parafian z klatki II bloku nr 11.<\/strong><\/li><li><strong>W tym tygodniu w liturgii wspominamy:<br>\uf0b7 wtorek \u2013 \u015bw. J\u00f3zefa Sebastiana Pelczara, bpa<br>\uf0b7 \u015broda &#8211; \u015bw. Sebastiana i Fabiana, m\u0119czennik\u00f3w<br>\uf0b7 czwartek \u2013 \u015bw. Agnieszk\u0119, dziewic\u0119 i m\u0119czennic\u0119<br>\uf0b7 pi\u0105tek \u2013 \u015bw. Wincentego Pallottiego, prezbitera<\/strong><\/li><li><strong>Zapraszamy do lektury prasy katolickiej \u2013 nowe numery Niedzieli, Go\u015bcia Niedzielnego oraz Misyjnych Dr\u00f3g. Gor\u0105co zach\u0119camy tak\u017ce do wsp\u00f3lnego rodzinnego kol\u0119dowania, by przed\u0142u\u017ca\u0107 rado\u015b\u0107 z tajemnicy narodzenia Zbawiciela.<\/strong><\/li><\/ol>\n","protected":false},"excerpt":{"rendered":"<p>OG\u0141OSZENIA DUSZPASTERSKIE O godz. 17.30 nabo\u017ce\u0144stwo r\u00f3\u017ca\u0144cowe w intencji naszych rodzin i ca\u0142ej parafii. Za tydzie\u0144 NIEDZIELA S\u0141OWA BO\u017bEGO. Od poniedzia\u0142ku rozpoczyna si\u0119 w ca\u0142ym Ko\u015bciele TYDZIE\u0143 MODLITW O JEDNO\u015a\u0106 CHRZE\u015aCIJAN. B\u0119dziemy prosi\u0107 o dar jedno\u015bci dla wszystkich wyznawc\u00f3w Chrystusa. We wtorek wspomnienie \u015bw. bpa J\u00f3zefa Sebastiana Pelczara. Jego wstawiennictwu polecajmy nasz\u0105 archidiecezj\u0119, kt\u00f3rej patronuje &hellip; <\/p>\n<p class=\"link-more\"><a href=\"https:\/\/albert.przemyska.pl\/?p=862\" class=\"more-link\">Czytaj dalej<span class=\"screen-reader-text\"> \u201e2 NIEDZIELA ZWYK\u0141A 17.01.2021.\u201d<\/span><\/a><\/p>\n","protected":false},"author":1,"featured_media":863,"comment_status":"closed","ping_status":"closed","sticky":false,"template":"","format":"standard","meta":{"footnotes":""},"categories":[3],"tags":[],"class_list":["post-862","post","type-post","status-publish","format-standard","has-post-thumbnail","hentry","category-ogloszenia"],"_links":{"self":[{"href":"https:\/\/albert.przemyska.pl\/index.php?rest_route=\/wp\/v2\/posts\/862","targetHints":{"allow":["GET"]}}],"collection":[{"href":"https:\/\/albert.przemyska.pl\/index.php?rest_route=\/wp\/v2\/posts"}],"about":[{"href":"https:\/\/albert.przemyska.pl\/index.php?rest_route=\/wp\/v2\/types\/post"}],"author":[{"embeddable":true,"href":"https:\/\/albert.przemyska.pl\/index.php?rest_route=\/wp\/v2\/users\/1"}],"replies":[{"embeddable":true,"href":"https:\/\/albert.przemyska.pl\/index.php?rest_route=%2Fwp%2Fv2%2Fcomments&post=862"}],"version-history":[{"count":1,"href":"https:\/\/albert.przemyska.pl\/index.php?rest_route=\/wp\/v2\/posts\/862\/revisions"}],"predecessor-version":[{"id":864,"href":"https:\/\/albert.przemyska.pl\/index.php?rest_route=\/wp\/v2\/posts\/862\/revisions\/864"}],"wp:featuredmedia":[{"embeddable":true,"href":"https:\/\/albert.przemyska.pl\/index.php?rest_route=\/wp\/v2\/media\/863"}],"wp:attachment":[{"href":"https:\/\/albert.przemyska.pl\/index.php?rest_route=%2Fwp%2Fv2%2Fmedia&parent=862"}],"wp:term":[{"taxonomy":"category","embeddable":true,"href":"https:\/\/albert.przemyska.pl\/index.php?rest_route=%2Fwp%2Fv2%2Fcategories&post=862"},{"taxonomy":"post_tag","embeddable":true,"href":"https:\/\/albert.przemyska.pl\/index.php?rest_route=%2Fwp%2Fv2%2Ftags&post=862"}],"curies":[{"name":"wp","href":"https:\/\/api.w.org\/{rel}","templated":true}]}}