{"id":866,"date":"2021-01-24T14:26:09","date_gmt":"2021-01-24T13:26:09","guid":{"rendered":"https:\/\/albert.przemyska.pl\/?p=866"},"modified":"2021-01-24T14:26:09","modified_gmt":"2021-01-24T13:26:09","slug":"3-niedziela-zwykla-24-01-2021","status":"publish","type":"post","link":"https:\/\/albert.przemyska.pl\/?p=866","title":{"rendered":"3 NIEDZIELA ZWYK\u0141A 24.01.2021."},"content":{"rendered":"\n<p class=\"has-text-align-center has-vivid-green-cyan-color has-text-color has-medium-font-size\"><strong>OG\u0141OSZENIA DUSZPASTERSKIE<\/strong><\/p>\n\n\n\n<ol class=\"wp-block-list\"><li>Prze\u017cywana dzi\u015b NIEDZIELA BIBLIJNA ma nas nie tylko uwra\u017cliwi\u0107 na warto\u015b\u0107 objawionego S\u0142owa Bo\u017cego, ale przede wszystkim zach\u0119ci\u0107 do codziennego czytania, rozwa\u017cania i \u017cycia na co dzie\u0144 m\u0105dro\u015bci\u0105 Boga objawion\u0105 w Biblii. O godz. 17.30 nabo\u017ce\u0144stwo r\u00f3\u017ca\u0144cowe w intencji ustania pandemii.<\/li><li>Niedziela dzisiejsza jest tak\u017ce DNIEM SOLIDARNO\u015aCI Z CHORWACJ\u0104. Po Mszy \u015bw. przy wyj\u015bciu z ko\u015bcio\u0142a zbierane b\u0119d\u0105 datki na rzecz ofiar trz\u0119sienia ziemi w Chorwacji. Gor\u0105co zach\u0119camy do solidarnej ofiarno\u015bci.<\/li><li>Jutro w \u015bwi\u0119to nawr\u00f3cenia \u015bw. Paw\u0142a zako\u0144czenie Tygodnia Modlitw o Jedno\u015b\u0107 Chrze\u015bcijan.<\/li><li>Ponawiamy pro\u015bb\u0119 o wsparcie dzia\u0142alno\u015bci przemyskich misjonarzy poprzez przekazanie dla nich 1% podatku. Ulotki z informacj\u0105 o mo\u017cliwo\u015bci przekazania tej darowizny na rzecz misji mo\u017cna znale\u017a\u0107 przy prasie oraz na stoliku przy wyj\u015bciu z ko\u015bcio\u0142a.<\/li><li>Dzi\u0119kujemy parafianom z klatki II bloku nr 11 przy ul. Rogozi\u0144skiego za ofiary na sprz\u0105tanie i wystr\u00f3j \u015bwi\u0105tyni. Teraz prosimy o ofiary parafian z klatki I bloku nr 13 przy ul. Rogozi\u0144skiego<\/li><li>W tym tygodniu w liturgii wspominamy:<br>\uf0b7 poniedzia\u0142ek \u2013 nawr\u00f3cenia \u015bw. Paw\u0142a aposto\u0142a<br>\uf0b7 wtorek \u2013 \u015bw. Tymoteusza i Tytusa<br>\uf0b7 czwartek \u2013 \u015bw. Tomasza z Akwinu<br>\uf0b7 sobota \u2013 b\u0142. Ks. Bronis\u0142awa Markiewicza<\/li><li>Zapraszamy gor\u0105co do lektury prasy katolickiej. Warto w Niedziel\u0119 Biblijn\u0105 pochyli\u0107 si\u0119 nad s\u0142owem Ewangelii, czy skorzysta\u0107 z zamieszczanych tam komentarzy. S\u0105 ju\u017c nowe numery Ma\u0142ego Go\u015bcia Niedzielnego.<br>Przyjmijcie dar Bo\u017cego b\u0142ogos\u0142awie\u0144stwa.<\/li><\/ol>\n","protected":false},"excerpt":{"rendered":"<p>OG\u0141OSZENIA DUSZPASTERSKIE Prze\u017cywana dzi\u015b NIEDZIELA BIBLIJNA ma nas nie tylko uwra\u017cliwi\u0107 na warto\u015b\u0107 objawionego S\u0142owa Bo\u017cego, ale przede wszystkim zach\u0119ci\u0107 do codziennego czytania, rozwa\u017cania i \u017cycia na co dzie\u0144 m\u0105dro\u015bci\u0105 Boga objawion\u0105 w Biblii. O godz. 17.30 nabo\u017ce\u0144stwo r\u00f3\u017ca\u0144cowe w intencji ustania pandemii. Niedziela dzisiejsza jest tak\u017ce DNIEM SOLIDARNO\u015aCI Z CHORWACJ\u0104. Po Mszy \u015bw. przy &hellip; <\/p>\n<p class=\"link-more\"><a href=\"https:\/\/albert.przemyska.pl\/?p=866\" class=\"more-link\">Czytaj dalej<span class=\"screen-reader-text\"> \u201e3 NIEDZIELA ZWYK\u0141A 24.01.2021.\u201d<\/span><\/a><\/p>\n","protected":false},"author":1,"featured_media":867,"comment_status":"closed","ping_status":"closed","sticky":false,"template":"","format":"standard","meta":{"footnotes":""},"categories":[3],"tags":[],"class_list":["post-866","post","type-post","status-publish","format-standard","has-post-thumbnail","hentry","category-ogloszenia"],"_links":{"self":[{"href":"https:\/\/albert.przemyska.pl\/index.php?rest_route=\/wp\/v2\/posts\/866","targetHints":{"allow":["GET"]}}],"collection":[{"href":"https:\/\/albert.przemyska.pl\/index.php?rest_route=\/wp\/v2\/posts"}],"about":[{"href":"https:\/\/albert.przemyska.pl\/index.php?rest_route=\/wp\/v2\/types\/post"}],"author":[{"embeddable":true,"href":"https:\/\/albert.przemyska.pl\/index.php?rest_route=\/wp\/v2\/users\/1"}],"replies":[{"embeddable":true,"href":"https:\/\/albert.przemyska.pl\/index.php?rest_route=%2Fwp%2Fv2%2Fcomments&post=866"}],"version-history":[{"count":1,"href":"https:\/\/albert.przemyska.pl\/index.php?rest_route=\/wp\/v2\/posts\/866\/revisions"}],"predecessor-version":[{"id":868,"href":"https:\/\/albert.przemyska.pl\/index.php?rest_route=\/wp\/v2\/posts\/866\/revisions\/868"}],"wp:featuredmedia":[{"embeddable":true,"href":"https:\/\/albert.przemyska.pl\/index.php?rest_route=\/wp\/v2\/media\/867"}],"wp:attachment":[{"href":"https:\/\/albert.przemyska.pl\/index.php?rest_route=%2Fwp%2Fv2%2Fmedia&parent=866"}],"wp:term":[{"taxonomy":"category","embeddable":true,"href":"https:\/\/albert.przemyska.pl\/index.php?rest_route=%2Fwp%2Fv2%2Fcategories&post=866"},{"taxonomy":"post_tag","embeddable":true,"href":"https:\/\/albert.przemyska.pl\/index.php?rest_route=%2Fwp%2Fv2%2Ftags&post=866"}],"curies":[{"name":"wp","href":"https:\/\/api.w.org\/{rel}","templated":true}]}}