{"id":869,"date":"2021-02-07T14:03:00","date_gmt":"2021-02-07T13:03:00","guid":{"rendered":"https:\/\/albert.przemyska.pl\/?p=869"},"modified":"2021-02-11T14:07:45","modified_gmt":"2021-02-11T13:07:45","slug":"5-niedziela-zwykla-7-02-2021","status":"publish","type":"post","link":"https:\/\/albert.przemyska.pl\/?p=869","title":{"rendered":"5 NIEDZIELA ZWYK\u0141A 7.02.2021."},"content":{"rendered":"\n<p class=\"has-text-align-center has-vivid-green-cyan-color has-white-background-color has-text-color has-background\"><strong>OG\u0141OSZENIA DUSZPASTERSKIE<\/strong><\/p>\n\n\n\n<ol class=\"wp-block-list\"><li>W zwi\u0105zku z Rokiem \u015bw. J\u00f3zefa Metropolita Przemyski ustanowi\u0142 w diecezji tzw.<br>ko\u015bcio\u0142y stacyjne, a w\u015br\u00f3d nich w Przemy\u015blu: ko\u015bci\u00f3\u0142 \u015bw. J\u00f3zefa w parafii Salezjan\u00f3w<br>oraz ko\u015bci\u00f3\u0142 Ojc\u00f3w Karmelit\u00f3w. Szczeg\u00f3\u0142y odno\u015bnie do zyskiwania odpust\u00f3w<br>dekrecie arcybiskupa na tablicy og\u0142osze\u0144.<br>O godz. 17.30 nabo\u017ce\u0144stwo r\u00f3\u017ca\u0144cowe i zmiana tajemnic. Dzisiejsza sk\u0142adka<br>mszalna przeznaczona jest na potrzeby archidiecezji.<\/li><li>W tym tygodniu spotkania w ramach formacji przed bierzmowaniem. W<br>poniedzia\u0142ek \u2013 klasy VI, we wtorek \u2013 klasy VII i w \u015brod\u0119 \u2013 klasy VIII. Spotkanie<br>rozpoczynamy Msz\u0105 \u015bw. o godz. 18.00 a po niej katecheza sakramentalna.<\/li><li>W czwartek we wspomnienie NMP z Lourdes wypada \u015aWIATOWY DZIE\u0143<br>CHOREGO. Jest to okazja do szczeg\u00f3lnej modlitwy w intencji chorych z naszych<br>rodzin oraz tych, kt\u00f3rzy si\u0119 nimi opiekuj\u0105. Modlitw\u0105 otoczmy chorych z pobliskich<br>dom\u00f3w opieki. W naszej parafii w czwartek od godz. 17.00 adoracja w intencji<br>chorych i cierpi\u0105cych. Sakrament namaszczenia b\u0119dzie w czasie wielkopostnych<br>rekolekcji.<br>Radio FARA zaprasza chorych, cierpi\u0105cych i samotnych do duchowej \u0142\u0105czno\u015bci i<br>&nbsp;wsp\u00f3lnej modlitwy, kt\u00f3ra b\u0119dzie mia\u0142a miejsce w czwartek 11 lutego w Centrum<br>Medyczno-Charytatywnym Caritas w Kro\u015bnie. Modlitwie przewodniczy\u0142 b\u0119dzie abp<br>Adam SZAL. Pocz\u0105tek transmisji radiowo-telewizyjnej o godz. 10.30.<\/li><li>KATECHEZY PRZEDMA\u0141\u017bE\u0143SKIE od 8 lutego przez 3 tygodnie b\u0119d\u0105<br>g\u0142oszone przy Archikatedrze. Spotkania w poniedzia\u0142ki, \u015brody i pi\u0105tki o godz. 19.00<\/li><li>Dzi\u0119kujemy parafianom z II klatki bloku nr 13 przy ul. Rogozi\u0144skiego za ofiary<br>na sprz\u0105tanie i wystr\u00f3j \u015bwi\u0105tyni. Teraz prosimy o ofiary parafian z klatki III bloku nr<br>13.<\/li><li>W tym tygodniu w liturgii obchodzimy wspomnienie:<br>\uf0b7 \u015broda \u2013 \u015bw. Scholastyki, dziewicy<br>\uf0b7 czwartek \u2013 Naj\u015bwi\u0119tszej Maryi Panny z Lourdes<\/li><li>Zach\u0119camy do lektury prasy katolickiej Niedzieli i Go\u015bcia Niedzielnego. Przy<br>okazji Dnia Chorego warto pog\u0142\u0119bi\u0107 nasze spojrzenie na chorob\u0119 i tajemnic\u0119<br>ludzkiego cierpienia. Przyjmujemy w zakrystii zapisy na specjalny numer Go\u015bcia<br>Niedzielnego po\u015bwi\u0119cony w ca\u0142o\u015bci \u015bw. J\u00f3zefowi [w cenie 9 z\u0142.].<\/li><\/ol>\n\n\n\n<p>Matce Bo\u017cej pole\u0107my z ufno\u015bci\u0105 cierpi\u0105cych i chorych z naszych rodzin i pobliskich<br>dom\u00f3w \u2013 Pod Twoja obron\u0119\u2026<\/p>\n","protected":false},"excerpt":{"rendered":"<p>OG\u0141OSZENIA DUSZPASTERSKIE W zwi\u0105zku z Rokiem \u015bw. J\u00f3zefa Metropolita Przemyski ustanowi\u0142 w diecezji tzw.ko\u015bcio\u0142y stacyjne, a w\u015br\u00f3d nich w Przemy\u015blu: ko\u015bci\u00f3\u0142 \u015bw. J\u00f3zefa w parafii Salezjan\u00f3woraz ko\u015bci\u00f3\u0142 Ojc\u00f3w Karmelit\u00f3w. Szczeg\u00f3\u0142y odno\u015bnie do zyskiwania odpust\u00f3wdekrecie arcybiskupa na tablicy og\u0142osze\u0144.O godz. 17.30 nabo\u017ce\u0144stwo r\u00f3\u017ca\u0144cowe i zmiana tajemnic. Dzisiejsza sk\u0142adkamszalna przeznaczona jest na potrzeby archidiecezji. W tym tygodniu &hellip; <\/p>\n<p class=\"link-more\"><a href=\"https:\/\/albert.przemyska.pl\/?p=869\" class=\"more-link\">Czytaj dalej<span class=\"screen-reader-text\"> \u201e5 NIEDZIELA ZWYK\u0141A 7.02.2021.\u201d<\/span><\/a><\/p>\n","protected":false},"author":1,"featured_media":870,"comment_status":"closed","ping_status":"closed","sticky":false,"template":"","format":"standard","meta":{"footnotes":""},"categories":[3],"tags":[],"class_list":["post-869","post","type-post","status-publish","format-standard","has-post-thumbnail","hentry","category-ogloszenia"],"_links":{"self":[{"href":"https:\/\/albert.przemyska.pl\/index.php?rest_route=\/wp\/v2\/posts\/869","targetHints":{"allow":["GET"]}}],"collection":[{"href":"https:\/\/albert.przemyska.pl\/index.php?rest_route=\/wp\/v2\/posts"}],"about":[{"href":"https:\/\/albert.przemyska.pl\/index.php?rest_route=\/wp\/v2\/types\/post"}],"author":[{"embeddable":true,"href":"https:\/\/albert.przemyska.pl\/index.php?rest_route=\/wp\/v2\/users\/1"}],"replies":[{"embeddable":true,"href":"https:\/\/albert.przemyska.pl\/index.php?rest_route=%2Fwp%2Fv2%2Fcomments&post=869"}],"version-history":[{"count":1,"href":"https:\/\/albert.przemyska.pl\/index.php?rest_route=\/wp\/v2\/posts\/869\/revisions"}],"predecessor-version":[{"id":871,"href":"https:\/\/albert.przemyska.pl\/index.php?rest_route=\/wp\/v2\/posts\/869\/revisions\/871"}],"wp:featuredmedia":[{"embeddable":true,"href":"https:\/\/albert.przemyska.pl\/index.php?rest_route=\/wp\/v2\/media\/870"}],"wp:attachment":[{"href":"https:\/\/albert.przemyska.pl\/index.php?rest_route=%2Fwp%2Fv2%2Fmedia&parent=869"}],"wp:term":[{"taxonomy":"category","embeddable":true,"href":"https:\/\/albert.przemyska.pl\/index.php?rest_route=%2Fwp%2Fv2%2Fcategories&post=869"},{"taxonomy":"post_tag","embeddable":true,"href":"https:\/\/albert.przemyska.pl\/index.php?rest_route=%2Fwp%2Fv2%2Ftags&post=869"}],"curies":[{"name":"wp","href":"https:\/\/api.w.org\/{rel}","templated":true}]}}