{"id":872,"date":"2021-01-31T18:00:00","date_gmt":"2021-01-31T17:00:00","guid":{"rendered":"https:\/\/albert.przemyska.pl\/?p=872"},"modified":"2021-02-11T14:13:19","modified_gmt":"2021-02-11T13:13:19","slug":"4-niedziela-zwykla-31-01-2021","status":"publish","type":"post","link":"https:\/\/albert.przemyska.pl\/?p=872","title":{"rendered":"4 NIEDZIELA ZWYK\u0141A 31.01.2021"},"content":{"rendered":"\n<p class=\"has-text-align-center has-vivid-green-cyan-color has-text-color\"><strong>OG\u0141OSZENIA DUSZPASTERSKIE<\/strong><\/p>\n\n\n\n<ol class=\"wp-block-list\"><li>O godz. 17.30 zapraszamy na modlitw\u0119 Koronk\u0105 do Bo\u017cego Mi\u0142osierdzia.<\/li><li>We wtorek 2 lutego \u2013 \u015aWI\u0118TO OFIAROWANIA PA\u0143SKIEGO, zwane<br>\u015awi\u0119tem Matki Bo\u017cej Gromnicznej. Jest to r\u00f3wnie\u017c Dzie\u0144 \u017bycia Konsekrowanego,<br>dlatego polecamy Bogu osoby konsekrowane pochodz\u0105ce z naszej parafii, a w<br>szczeg\u00f3lny spos\u00f3b modlimy si\u0119 za Siostry Serafitki pos\u0142uguj\u0105ce na terenie naszej<br>parafii. Pro\u015bmy z ufno\u015bci\u0105 Boga o dar nowych powo\u0142a\u0144 do s\u0142u\u017cby w Ko\u015bciele w<br>czysto\u015bci, ub\u00f3stwie i&nbsp;pos\u0142usze\u0144stwie. W \u015bwi\u0119to Ofiarowania Msze \u015bw. o godz. 8.00,<br>10.00 i 18.00. Na ka\u017cdej Mszy \u015bw. po\u015bwi\u0119cenie gromnic. Taca mszalna ze \u015bwi\u0119ta<br>Ofiarowania b\u0119dzie przeznaczona na wsp\u00f3lnoty klauzurowe w naszej diecezji. We<br>wtorek na godz. 18.00 zapraszamy dzieci przygotowuj\u0105ce si\u0119 do Pierwszej Komunii<br>\u015bw. wraz z rodzicami na wr\u0119czenie ksi\u0105\u017ceczek.<\/li><li>W tym tygodniu wypada pierwszy czwartek, pi\u0105tek i sobota miesi\u0105ca lutego. We<br>czwartek od godz. 17.00 adoracja Naj\u015bwi\u0119tszego Sakramentu. Na wieczorn\u0105 Msz\u0119<br>\u015bw. zapraszam cz\u0142onk\u00f3w Akcji katolickiej. Spowied\u017a pierwszopi\u0105tkowa od godz.<br>16.00. Zach\u0119camy dzieci i m\u0142odzie\u017c szkoln\u0105 do korzystania z sakramentu pokuty. Do<br>chorych udamy si\u0119 w pi\u0105tek od godz. 8.00.<\/li><li>KATECHEZY PRZEDMA\u0141\u017bE\u0143SKIE od 8 lutego przez 3 tygodnie b\u0119d\u0105<br>g\u0142oszone przy Archikatedrze. Spotkania w poniedzia\u0142ki, \u015brody i pi\u0105tki o godz. 19.00.<\/li><li>Dzi\u0119kujemy parafianom z I klatki bloku nr 13 przy ul. Rogozi\u0144skiego za ofiary na<br>sprz\u0105tanie i wystr\u00f3j \u015bwi\u0105tyni. Teraz prosimy o ofiary parafian z klatki II bloku nr 13.<\/li><li>W tym tygodniu w liturgii wspominamy:<br>\uf0b7 \u015broda \u2013 \u015bw. B\u0142a\u017ceja, bpa i m\u0119czennika<br>\uf0b7 pi\u0105tek \u2013 \u015bw. Agat\u0119, dziewic\u0119 i m\u0119czennic\u0119<br>\uf0b7 sobota \u2013 \u015bw. Paw\u0142a i Towarzyszy, m\u0119czennik\u00f3w<\/li><li>Zach\u0119camy do lektury prasy katolickiej, w kt\u00f3rej sporo artyku\u0142\u00f3w z bardzo<br>\u015bwie\u017cym i nowym spojrzeniem na \u017cycie zakonne i kontemplacyjne w dzisiejszym<br>\u015bwiecie, jak cho\u0107by artyku\u0142 w GO\u015aCIU \u2013 Poca\u0142unek zza krat.<br>Przyjmijcie dar Bo\u017cego b\u0142ogos\u0142awie\u0144stwa.<\/li><\/ol>\n\n\n\n<p><\/p>\n","protected":false},"excerpt":{"rendered":"<p>OG\u0141OSZENIA DUSZPASTERSKIE O godz. 17.30 zapraszamy na modlitw\u0119 Koronk\u0105 do Bo\u017cego Mi\u0142osierdzia. We wtorek 2 lutego \u2013 \u015aWI\u0118TO OFIAROWANIA PA\u0143SKIEGO, zwane\u015awi\u0119tem Matki Bo\u017cej Gromnicznej. Jest to r\u00f3wnie\u017c Dzie\u0144 \u017bycia Konsekrowanego,dlatego polecamy Bogu osoby konsekrowane pochodz\u0105ce z naszej parafii, a wszczeg\u00f3lny spos\u00f3b modlimy si\u0119 za Siostry Serafitki pos\u0142uguj\u0105ce na terenie naszejparafii. Pro\u015bmy z ufno\u015bci\u0105 Boga o &hellip; <\/p>\n<p class=\"link-more\"><a href=\"https:\/\/albert.przemyska.pl\/?p=872\" class=\"more-link\">Czytaj dalej<span class=\"screen-reader-text\"> \u201e4 NIEDZIELA ZWYK\u0141A 31.01.2021\u201d<\/span><\/a><\/p>\n","protected":false},"author":1,"featured_media":873,"comment_status":"closed","ping_status":"closed","sticky":false,"template":"","format":"standard","meta":{"footnotes":""},"categories":[3],"tags":[],"class_list":["post-872","post","type-post","status-publish","format-standard","has-post-thumbnail","hentry","category-ogloszenia"],"_links":{"self":[{"href":"https:\/\/albert.przemyska.pl\/index.php?rest_route=\/wp\/v2\/posts\/872","targetHints":{"allow":["GET"]}}],"collection":[{"href":"https:\/\/albert.przemyska.pl\/index.php?rest_route=\/wp\/v2\/posts"}],"about":[{"href":"https:\/\/albert.przemyska.pl\/index.php?rest_route=\/wp\/v2\/types\/post"}],"author":[{"embeddable":true,"href":"https:\/\/albert.przemyska.pl\/index.php?rest_route=\/wp\/v2\/users\/1"}],"replies":[{"embeddable":true,"href":"https:\/\/albert.przemyska.pl\/index.php?rest_route=%2Fwp%2Fv2%2Fcomments&post=872"}],"version-history":[{"count":1,"href":"https:\/\/albert.przemyska.pl\/index.php?rest_route=\/wp\/v2\/posts\/872\/revisions"}],"predecessor-version":[{"id":874,"href":"https:\/\/albert.przemyska.pl\/index.php?rest_route=\/wp\/v2\/posts\/872\/revisions\/874"}],"wp:featuredmedia":[{"embeddable":true,"href":"https:\/\/albert.przemyska.pl\/index.php?rest_route=\/wp\/v2\/media\/873"}],"wp:attachment":[{"href":"https:\/\/albert.przemyska.pl\/index.php?rest_route=%2Fwp%2Fv2%2Fmedia&parent=872"}],"wp:term":[{"taxonomy":"category","embeddable":true,"href":"https:\/\/albert.przemyska.pl\/index.php?rest_route=%2Fwp%2Fv2%2Fcategories&post=872"},{"taxonomy":"post_tag","embeddable":true,"href":"https:\/\/albert.przemyska.pl\/index.php?rest_route=%2Fwp%2Fv2%2Ftags&post=872"}],"curies":[{"name":"wp","href":"https:\/\/api.w.org\/{rel}","templated":true}]}}