{"id":876,"date":"2021-02-14T19:56:00","date_gmt":"2021-02-14T18:56:00","guid":{"rendered":"https:\/\/albert.przemyska.pl\/?p=876"},"modified":"2021-02-16T20:03:32","modified_gmt":"2021-02-16T19:03:32","slug":"6-niedziela-zwykla-14-02-2021","status":"publish","type":"post","link":"https:\/\/albert.przemyska.pl\/?p=876","title":{"rendered":"6 NIEDZIELA ZWYK\u0141A 14.02.2021."},"content":{"rendered":"\n<p class=\"has-text-align-center\"><strong><span class=\"has-inline-color has-vivid-green-cyan-color\">OG\u0141OSZENIA DUSZPASTERSKIE<\/span><\/strong><\/p>\n\n\n\n<p>1. Dzisiejsza niedziela rozpoczyna w Ko\u015bciele TYDZIE\u0143 TRZE\u0179WO\u015aCI. Niech to b\u0119dzie czas \u017carliwej modlitwy za wszystkich zniewolonych na\u0142ogami oraz za ich rodziny. O godz. 17.30 nabo\u017ce\u0144stwo do Bo\u017cego Mi\u0142osierdzia w tych intencjach.<\/p>\n\n\n\n<p>2. W tym tygodniu wypada \u015aRODA POPIELCOWA i pocz\u0105tek Wielkiego Postu. Msze \u015bw. z posypaniem g\u0142\u00f3w popio\u0142em b\u0119d\u0105 o godz. 8.00, 16.00 i 18.00 [nie b\u0119dzie Mszy o 6.30]. W \u015brod\u0119 o godz.17.45 Nowenna do Matki Bo\u017cej Nieustaj\u0105cej Pomocy. Przypominamy, \u017ce w \u015aROD\u0118 POPIELCOW\u0104 obowi\u0105zuje post \u015bcis\u0142y, tj. ilo\u015bciowy i jako\u015bciowy. Wstrzymanie si\u0119 od pokarm\u00f3w mi\u0119snych obowi\u0105zuje wszystkich, kt\u00f3rzy uko\u0144czyli 14 rok \u017cycia, natomiast post ilo\u015bciowy obowi\u0105zuje tych, kt\u00f3rzy uko\u0144czyli 18 rok \u017cycia, a nie rozpocz\u0119li 60 tego. Zach\u0119camy rodzic\u00f3w, aby wprowadzali tak\u017ce dzieci, kt\u00f3re nie s\u0105 zwi\u0105zane jeszcze obowi\u0105zkiem postu w autentycznego ducha pokuty. Zaleca si\u0119 piel\u0119gnowanie zwyczaju zabierania dla nieobecnych po\u015bwi\u0119conego popio\u0142u, na znak \u0142\u0105czno\u015bci z ca\u0142\u0105 wsp\u00f3lnot\u0105, kt\u00f3ra rozpoczyna okres pokuty. W \u015arod\u0119 Popielcow\u0105 sk\u0142adka jako ja\u0142mu\u017cna postna b\u0119dzie przeznaczona na wyko\u0144czenie Domu Mi\u0142osierdzia w Przeworsku.Od \u015brody do niedzieli wypadaj\u0105 KWARTALNE DNI MODLITW o ducha pokuty. <\/p>\n\n\n\n<p>3. W zwi\u0105zku z czasem Wielkiego Postu powsta\u0142a oddolna inicjatywa wsp\u00f3lnoty M\u0119skiego R\u00f3\u017ca\u0144ca \u2013 NINIWA Pokuta Rodzin 2021. Intencj\u0105 jest podj\u0119cie modlitwy i pokuty przez 40 dni od 17 lutego do 3 kwietnia, aby przeprasza\u0107 za grzechy i zniewagi uczynione wobec Pana Boga. Warunkami przyst\u0105pienia do pokuty jest codzienne odm\u00f3wienie 10 r\u00f3\u017ca\u0144ca, konkretny dobry uczynek i dobrowolne umartwienie.<\/p>\n\n\n\n<p>4. W pi\u0105tek w naszym ko\u015bciele nabo\u017ce\u0144stwo DROGI KRZY\u017bOWEJ o godz. 16.30 dla dzieci szkolnych, dla doros\u0142ych o godz. 17.30, natomiast dla m\u0142odzie\u017cy oraz pracuj\u0105cych o godz. 19.30.<\/p>\n\n\n\n<p>5. W przysz\u0142\u0105 niedziel\u0119 GORZKIE \u017bALE o godz. 17.00. Zach\u0119camy do licznego udzia\u0142u w tych nabo\u017ce\u0144stwach wielkopostnych. Za udzia\u0142 w Drodze Krzy\u017cowej i\u00a0Gorzkich \u017balach mo\u017cna zyska\u0107 odpusty pod zwyk\u0142ymi warunkami<\/p>\n\n\n\n<p>6. Dzi\u0119kujemy parafianom z III klatki bl nr 13 przy ul. Rogozi\u0144skiego za ofiary na sprz\u0105tanie \u015bwi\u0105tyni. Teraz prosimy o ofiary parafian z klatki IV bloku nr 13.<\/p>\n\n\n\n<p>7. Zach\u0119camy do lektury Niedzieli i Go\u015bcia Niedzielnego, w kt\u00f3rych sporo refleksji, kt\u00f3re mog\u0105 pom\u00f3c nam przygotowa\u0107 si\u0119 na czas Wielkiego Postu. Przypominamy o zapisach w zakrystii na specjalny numer GO\u015aCIA po\u015bwi\u0119cony \u015bw. J\u00f3zefowi. Niech Pan i Jego b\u0142ogos\u0142awie\u0144stwo umacnia nas na drodze pokuty i przemiany.<\/p>\n","protected":false},"excerpt":{"rendered":"<p>OG\u0141OSZENIA DUSZPASTERSKIE 1. Dzisiejsza niedziela rozpoczyna w Ko\u015bciele TYDZIE\u0143 TRZE\u0179WO\u015aCI. Niech to b\u0119dzie czas \u017carliwej modlitwy za wszystkich zniewolonych na\u0142ogami oraz za ich rodziny. O godz. 17.30 nabo\u017ce\u0144stwo do Bo\u017cego Mi\u0142osierdzia w tych intencjach. 2. W tym tygodniu wypada \u015aRODA POPIELCOWA i pocz\u0105tek Wielkiego Postu. Msze \u015bw. z posypaniem g\u0142\u00f3w popio\u0142em b\u0119d\u0105 o godz. 8.00, &hellip; <\/p>\n<p class=\"link-more\"><a href=\"https:\/\/albert.przemyska.pl\/?p=876\" class=\"more-link\">Czytaj dalej<span class=\"screen-reader-text\"> \u201e6 NIEDZIELA ZWYK\u0141A 14.02.2021.\u201d<\/span><\/a><\/p>\n","protected":false},"author":1,"featured_media":877,"comment_status":"closed","ping_status":"closed","sticky":false,"template":"","format":"standard","meta":{"footnotes":""},"categories":[3],"tags":[],"class_list":["post-876","post","type-post","status-publish","format-standard","has-post-thumbnail","hentry","category-ogloszenia"],"_links":{"self":[{"href":"https:\/\/albert.przemyska.pl\/index.php?rest_route=\/wp\/v2\/posts\/876","targetHints":{"allow":["GET"]}}],"collection":[{"href":"https:\/\/albert.przemyska.pl\/index.php?rest_route=\/wp\/v2\/posts"}],"about":[{"href":"https:\/\/albert.przemyska.pl\/index.php?rest_route=\/wp\/v2\/types\/post"}],"author":[{"embeddable":true,"href":"https:\/\/albert.przemyska.pl\/index.php?rest_route=\/wp\/v2\/users\/1"}],"replies":[{"embeddable":true,"href":"https:\/\/albert.przemyska.pl\/index.php?rest_route=%2Fwp%2Fv2%2Fcomments&post=876"}],"version-history":[{"count":1,"href":"https:\/\/albert.przemyska.pl\/index.php?rest_route=\/wp\/v2\/posts\/876\/revisions"}],"predecessor-version":[{"id":878,"href":"https:\/\/albert.przemyska.pl\/index.php?rest_route=\/wp\/v2\/posts\/876\/revisions\/878"}],"wp:featuredmedia":[{"embeddable":true,"href":"https:\/\/albert.przemyska.pl\/index.php?rest_route=\/wp\/v2\/media\/877"}],"wp:attachment":[{"href":"https:\/\/albert.przemyska.pl\/index.php?rest_route=%2Fwp%2Fv2%2Fmedia&parent=876"}],"wp:term":[{"taxonomy":"category","embeddable":true,"href":"https:\/\/albert.przemyska.pl\/index.php?rest_route=%2Fwp%2Fv2%2Fcategories&post=876"},{"taxonomy":"post_tag","embeddable":true,"href":"https:\/\/albert.przemyska.pl\/index.php?rest_route=%2Fwp%2Fv2%2Ftags&post=876"}],"curies":[{"name":"wp","href":"https:\/\/api.w.org\/{rel}","templated":true}]}}