{"id":880,"date":"2021-03-04T12:26:40","date_gmt":"2021-03-04T11:26:40","guid":{"rendered":"https:\/\/albert.przemyska.pl\/?p=880"},"modified":"2021-03-04T12:26:40","modified_gmt":"2021-03-04T11:26:40","slug":"1-niedziela-wielkiego-postu-21-02-2021","status":"publish","type":"post","link":"https:\/\/albert.przemyska.pl\/?p=880","title":{"rendered":"1 NIEDZIELA WIELKIEGO POSTU 21.02.2021."},"content":{"rendered":"\n<p class=\"has-text-align-center has-vivid-purple-color has-text-color has-medium-font-size\"><strong>OG\u0141OSZENIA DUSZPASTERSKIE<\/strong><\/p>\n\n\n\n<ol class=\"wp-block-list\"><li>Obrz\u0119dem posypania g\u0142\u00f3w popio\u0142em rozpocz\u0119li\u015bmy czterdziestodniowy okres<br>pokuty, w kt\u00f3rym przez modlitw\u0119, pokutne uczynki i czynn\u0105 mi\u0142o\u015b\u0107 bli\u017aniego<br>przygotowujemy si\u0119 do \u015awi\u0105t Wielkanocnych. Okres Wielkiego Postu ma charakter<br>chrzcielny i pokutny, dlatego w tym czasie modlimy si\u0119 za tych, kt\u00f3rzy przygotowuj\u0105<br>si\u0119 do chrztu, sami za\u015b dzi\u0119kujemy za wiar\u0119 otrzyman\u0105 na chrzcie \u015bw. Zach\u0119camy do<br>postanowie\u0144 wielkopostnych i umartwienia podejmowanego w duchu pobo\u017cno\u015bci<br>i&nbsp;mi\u0142o\u015bci bli\u017aniego.<\/li><li>Po Mszy \u015bw. o godz. 15.30 adoracja Naj\u015bwi\u0119tszego Sakramentu. O godz. 17.00<br>zapraszamy na nabo\u017ce\u0144stwo GORZKICH \u017bALI z kazaniem pasyjnym. Jak co roku<br>sk\u0142adka z nabo\u017ce\u0144stwa przeznaczona na kwiaty i dekoracj\u0119 ciemnicy i Bo\u017cego grobu.<\/li><li>W pi\u0105tek DROGA KRZY\u017bOWA o godz. 16.30 dla dzieci szkolnych. DROGA<br>KRZY\u017bOWA dla doros\u0142ych o godz. 17.30, a o godz. 19.30 dla m\u0142odzie\u017cy i<br>pracuj\u0105cych. Zach\u0119camy do udzia\u0142u tak\u017ce m\u0142odzie\u017c gimnazjaln\u0105, przygotowuj\u0105c\u0105 si\u0119<br>do bierzmowania oraz m\u0142odych ze szk\u00f3\u0142 \u015brednich.<\/li><li>Za po\u015brednictwem Przemyskiej CARITAS zach\u0119camy do ja\u0142mu\u017cny wielkopostnej<br>w formie zakupu s\u0142oiczk\u00f3w miodu [10 z\u0142] jako wsparcia dw\u00f3ch Hospicj\u00f3w dla<br>chorych w Przemy\u015blu i Kro\u015bnie, prowadzonego przez Przemysk\u0105 Caritas. Serdecznie<br>prosimy o wsparcie tych bardzo potrzebnych dzie\u0142 pomocy dla cierpi\u0105cych i chorych.<br>Przy filarach wy\u0142o\u017cone s\u0105 skarbonki. S\u0105 ju\u017c tak\u017ce wielkanocne paschaliki [8 z\u0142].<\/li><li>Za tydzie\u0144 niedziela AD GENTES. Ofiarami zbieranymi po Mszach \u015bw. do puszek<br>b\u0119dziemy jak co roku wspiera\u0107 misjonarzy i dzie\u0142o misyjne ca\u0142ego Ko\u015bcio\u0142a.<\/li><li>Dzi\u0119kujemy parafianom z IV klatki bloku nr 13 przy ul. Rogozi\u0144skiego za ofiary<br>na sprz\u0105tanie \u015bwi\u0105tyni. Teraz prosimy o ofiary parafian z klatki V bloku nr 13.<\/li><li>W pi\u0105tki Wielkiego Postu za odm\u00f3wienie po Komunii \u015bw. przed wizerunkiem<br>Ukrzy\u017cowanego modlitwy Oto ja, dobry i najs\u0142odszy Jezu\u2026 mo\u017cna zyska\u0107 odpust<br>zupe\u0142ny pod zwyk\u0142ymi warunkami.<\/li><li>Aby g\u0142\u0119biej i bardziej duchowo prze\u017cywa\u0107 czas Wielkiego Postu, zach\u0119camy do<br>lektury prasy katolickiej. S\u0105 tak\u017ce nowe numery Ma\u0142ego Go\u015bcia.<br>Niech Pan B\u00f3g umacnia nas w walce z pokusami z\u0142ego i&nbsp;b\u0142ogos\u0142awi drog\u0119 naszego<br>nawr\u00f3cenia.<\/li><\/ol>\n","protected":false},"excerpt":{"rendered":"<p>OG\u0141OSZENIA DUSZPASTERSKIE Obrz\u0119dem posypania g\u0142\u00f3w popio\u0142em rozpocz\u0119li\u015bmy czterdziestodniowy okrespokuty, w kt\u00f3rym przez modlitw\u0119, pokutne uczynki i czynn\u0105 mi\u0142o\u015b\u0107 bli\u017aniegoprzygotowujemy si\u0119 do \u015awi\u0105t Wielkanocnych. Okres Wielkiego Postu ma charakterchrzcielny i pokutny, dlatego w tym czasie modlimy si\u0119 za tych, kt\u00f3rzy przygotowuj\u0105si\u0119 do chrztu, sami za\u015b dzi\u0119kujemy za wiar\u0119 otrzyman\u0105 na chrzcie \u015bw. Zach\u0119camy dopostanowie\u0144 wielkopostnych i &hellip; <\/p>\n<p class=\"link-more\"><a href=\"https:\/\/albert.przemyska.pl\/?p=880\" class=\"more-link\">Czytaj dalej<span class=\"screen-reader-text\"> \u201e1 NIEDZIELA WIELKIEGO POSTU 21.02.2021.\u201d<\/span><\/a><\/p>\n","protected":false},"author":1,"featured_media":881,"comment_status":"closed","ping_status":"closed","sticky":false,"template":"","format":"standard","meta":{"footnotes":""},"categories":[3],"tags":[],"class_list":["post-880","post","type-post","status-publish","format-standard","has-post-thumbnail","hentry","category-ogloszenia"],"_links":{"self":[{"href":"https:\/\/albert.przemyska.pl\/index.php?rest_route=\/wp\/v2\/posts\/880","targetHints":{"allow":["GET"]}}],"collection":[{"href":"https:\/\/albert.przemyska.pl\/index.php?rest_route=\/wp\/v2\/posts"}],"about":[{"href":"https:\/\/albert.przemyska.pl\/index.php?rest_route=\/wp\/v2\/types\/post"}],"author":[{"embeddable":true,"href":"https:\/\/albert.przemyska.pl\/index.php?rest_route=\/wp\/v2\/users\/1"}],"replies":[{"embeddable":true,"href":"https:\/\/albert.przemyska.pl\/index.php?rest_route=%2Fwp%2Fv2%2Fcomments&post=880"}],"version-history":[{"count":1,"href":"https:\/\/albert.przemyska.pl\/index.php?rest_route=\/wp\/v2\/posts\/880\/revisions"}],"predecessor-version":[{"id":882,"href":"https:\/\/albert.przemyska.pl\/index.php?rest_route=\/wp\/v2\/posts\/880\/revisions\/882"}],"wp:featuredmedia":[{"embeddable":true,"href":"https:\/\/albert.przemyska.pl\/index.php?rest_route=\/wp\/v2\/media\/881"}],"wp:attachment":[{"href":"https:\/\/albert.przemyska.pl\/index.php?rest_route=%2Fwp%2Fv2%2Fmedia&parent=880"}],"wp:term":[{"taxonomy":"category","embeddable":true,"href":"https:\/\/albert.przemyska.pl\/index.php?rest_route=%2Fwp%2Fv2%2Fcategories&post=880"},{"taxonomy":"post_tag","embeddable":true,"href":"https:\/\/albert.przemyska.pl\/index.php?rest_route=%2Fwp%2Fv2%2Ftags&post=880"}],"curies":[{"name":"wp","href":"https:\/\/api.w.org\/{rel}","templated":true}]}}