{"id":883,"date":"2021-03-04T12:31:10","date_gmt":"2021-03-04T11:31:10","guid":{"rendered":"https:\/\/albert.przemyska.pl\/?p=883"},"modified":"2021-03-04T12:31:10","modified_gmt":"2021-03-04T11:31:10","slug":"rekolekcje-wielkopostne-2021","status":"publish","type":"post","link":"https:\/\/albert.przemyska.pl\/?p=883","title":{"rendered":"REKOLEKCJE WIELKOPOSTNE 2021"},"content":{"rendered":"\n<p class=\"has-text-align-center has-vivid-purple-color has-white-background-color has-text-color has-background has-medium-font-size\"><strong>\u201eNie samym chlebem \u017cyje cz\u0142owiek, lecz ka\u017cdym s\u0142owem,<br>kt\u00f3re pochodzi z ust Bo\u017cych\u201d Mk 4,4<\/strong><\/p>\n\n\n\n<p><strong>PI\u0104TEK [5.03.2021]<\/strong><\/p>\n\n\n\n<ul class=\"wp-block-list\"><li>godz. 17.30 rekolekcyjna DROGA KRZY\u017bOWA<\/li><li>godz. 18.00 \u2013 MSZA \u015aW. z nauk\u0105 rekolekcyjn\u0105<\/li><li>godz. 19.30 DROGA KRZY\u017b\u00d3WA dla m\u0142odzie\u017cy po\u0142\u0105czona z nauk\u0105 rekolekcyjn\u0105<br><br><strong>SOBOTA [6.03.2021]<\/strong><\/li><li>godz. 9.00 \u2013 MSZA \u015aW. dla starszych i chorych<\/li><li>godz. 18.00 \u2013 MSZA \u015aW. z nauk\u0105 rekolekcyjn\u0105<br><br><strong>NIEDZIELA [7.03.2021] NAUKI REKOLEKCYJNE na wszystkich MSZACH \u015aW.<\/strong><\/li><li>po Mszach \u015bw. o godz. 10.00 i 11.30 \u2013 KATECHEZY dla ma\u0142\u017conk\u00f3w i rodzic\u00f3w<\/li><li>godz. 17.00 \u2013 GORZKIE \u017bALE z kazaniem pasyjnym<br><br><strong>PONIEDZIA\u0141EK [8.03.2021]<\/strong><\/li><li>od godz. 17.00 \u2013 SPOWIED\u0179<\/li><li>godz. 18.00 \u2013 MSZA \u015aW. z nauk\u0105 i zako\u0144czenie rekolekcji.<\/li><\/ul>\n","protected":false},"excerpt":{"rendered":"<p>\u201eNie samym chlebem \u017cyje cz\u0142owiek, lecz ka\u017cdym s\u0142owem,kt\u00f3re pochodzi z ust Bo\u017cych\u201d Mk 4,4 PI\u0104TEK [5.03.2021] godz. 17.30 rekolekcyjna DROGA KRZY\u017bOWA godz. 18.00 \u2013 MSZA \u015aW. z nauk\u0105 rekolekcyjn\u0105 godz. 19.30 DROGA KRZY\u017b\u00d3WA dla m\u0142odzie\u017cy po\u0142\u0105czona z nauk\u0105 rekolekcyjn\u0105 SOBOTA [6.03.2021] godz. 9.00 \u2013 MSZA \u015aW. dla starszych i chorych godz. 18.00 \u2013 MSZA \u015aW. &hellip; <\/p>\n<p class=\"link-more\"><a href=\"https:\/\/albert.przemyska.pl\/?p=883\" class=\"more-link\">Czytaj dalej<span class=\"screen-reader-text\"> \u201eREKOLEKCJE WIELKOPOSTNE 2021\u201d<\/span><\/a><\/p>\n","protected":false},"author":1,"featured_media":0,"comment_status":"closed","ping_status":"closed","sticky":false,"template":"","format":"standard","meta":{"footnotes":""},"categories":[3],"tags":[],"class_list":["post-883","post","type-post","status-publish","format-standard","hentry","category-ogloszenia"],"_links":{"self":[{"href":"https:\/\/albert.przemyska.pl\/index.php?rest_route=\/wp\/v2\/posts\/883","targetHints":{"allow":["GET"]}}],"collection":[{"href":"https:\/\/albert.przemyska.pl\/index.php?rest_route=\/wp\/v2\/posts"}],"about":[{"href":"https:\/\/albert.przemyska.pl\/index.php?rest_route=\/wp\/v2\/types\/post"}],"author":[{"embeddable":true,"href":"https:\/\/albert.przemyska.pl\/index.php?rest_route=\/wp\/v2\/users\/1"}],"replies":[{"embeddable":true,"href":"https:\/\/albert.przemyska.pl\/index.php?rest_route=%2Fwp%2Fv2%2Fcomments&post=883"}],"version-history":[{"count":1,"href":"https:\/\/albert.przemyska.pl\/index.php?rest_route=\/wp\/v2\/posts\/883\/revisions"}],"predecessor-version":[{"id":885,"href":"https:\/\/albert.przemyska.pl\/index.php?rest_route=\/wp\/v2\/posts\/883\/revisions\/885"}],"wp:attachment":[{"href":"https:\/\/albert.przemyska.pl\/index.php?rest_route=%2Fwp%2Fv2%2Fmedia&parent=883"}],"wp:term":[{"taxonomy":"category","embeddable":true,"href":"https:\/\/albert.przemyska.pl\/index.php?rest_route=%2Fwp%2Fv2%2Fcategories&post=883"},{"taxonomy":"post_tag","embeddable":true,"href":"https:\/\/albert.przemyska.pl\/index.php?rest_route=%2Fwp%2Fv2%2Ftags&post=883"}],"curies":[{"name":"wp","href":"https:\/\/api.w.org\/{rel}","templated":true}]}}