{"id":886,"date":"2021-03-01T12:44:00","date_gmt":"2021-03-01T11:44:00","guid":{"rendered":"https:\/\/albert.przemyska.pl\/?p=886"},"modified":"2021-03-04T12:48:51","modified_gmt":"2021-03-04T11:48:51","slug":"2-niedziela-wielkiego-postu-28-02-2021","status":"publish","type":"post","link":"https:\/\/albert.przemyska.pl\/?p=886","title":{"rendered":"2 NIEDZIELA WIELKIEGO POSTU 28.02.2021."},"content":{"rendered":"\n<p class=\"has-text-align-center has-vivid-purple-color has-text-color has-medium-font-size\"><strong>OG\u0141OSZENIA DUSZPASTERSKIE<\/strong><\/p>\n\n\n\n<ol class=\"wp-block-list\"><li>Dzisiejsza niedziela misyjna AD GENTES jest Dniem Modlitwy, Solidarno\u015bci i<br>\u00a0Postu z Misjonarzami oraz okazj\u0105 do wsparcia misji ofiarami zbieranymi po Mszy \u015bw.<br>Po po\u0142udniu adoracja Naj\u015bwi\u0119tszego Sakramentu. O godz. 17.00 zapraszamy na<br>nabo\u017ce\u0144stwo GORZKICH \u017bALI z kazaniem pasyjnym.<br>W przysz\u0142\u0105 niedziel\u0119 po Gorzkich \u017balach zmiana tajemnic r\u00f3\u017ca\u0144cowych.<\/li><li>W tym tygodniu pierwszy czwartek, pi\u0105tek i sobota miesi\u0105ca. W czwartek od<br>godz. 17.00 adoracja. W pi\u0105tek SPOWIED\u0179 od godz. 16.00, natomiast o godz. 16.30<br>DROGA KRZY\u017bOWA dla dzieci szkolnych, a po niej obrz\u0119d Komunii \u015aw.<\/li><li>W PI\u0104TEK rozpoczniemy PARAFIALNE REKOLEKCJE WIELKOPOSTNE.<br>Rekolekcyjna droga krzy\u017cowa o godz. 17.30 i po niej Msza \u015bw. na rozpocz\u0119cie<br>rekolekcji. O godz. 19.30 droga krzy\u017cowa po\u0142\u0105czona z nauk\u0105 rekolekcyjn\u0105 dla<br>m\u0142odzie\u017cy [zapraszamy m\u0142odzie\u017c gimnazjaln\u0105 &#8211; w ramach comiesi\u0119cznego spotkania<br>formacyjnego, a tak\u017ce m\u0142odzie\u017c ze szk\u00f3\u0142 \u015brednich i m\u0142odzie\u017c pracuj\u0105c\u0105].<\/li><li>W SOBOT\u0118 od godz. 8.30 spowied\u017a dla starszych i chorych, a godz. 9.00 Msza<br>\u015bw. dla starszych i chorych z namaszczeniem i modlitw\u0105 przed Naj\u015bwi\u0119tszym<br>Sakramentem [nie b\u0119dzie Mszy \u015bw. o 6.30!]. Bardzo prosimy o przywiezienie starszych i<br>chorych na czas tej modlitwy. Wieczorem o godz. 18.00 Msza \u015bw. z nauk\u0105<br>rekolekcyjn\u0105.<\/li><li>W NIEDZIEL\u0118 nauki rekolekcyjne b\u0119d\u0105 na wszystkich Mszach \u015bw. Natomiast po<br>Mszach \u015bw. o godz. 10.00 i 11.30 b\u0119d\u0105 katechezy dla ma\u0142\u017conk\u00f3w i rodzic\u00f3w.<br>W czasie Gorzkich \u017bali rekolekcyjne kazanie pasyjne.<\/li><li>W PONIEDZIA\u0141EK od godz. 17.00 mo\u017cliwo\u015b\u0107 spowiedzi na zako\u0144czenie<br>naszych rekolekcji. O godz. 18.00 Msza \u015bw. z nauk\u0105 i zako\u0144czenie parafialnych<br>rekolekcji.<br>Prosimy zatem o modlitw\u0119 w intencji rekolekcjonisty ks. Marcina HUNI i ca\u0142ej<br>naszej parafialnej wsp\u00f3lnoty.<\/li><li>Od 8 marca przez 3 tygodnie w parafii na Kazanowie b\u0119d\u0105 g\u0142oszone<br>KATECHEZY PRZEDMA\u0141\u017bE\u0143SKIE. Spotkania b\u0119d\u0105 w poniedzia\u0142ki, \u015brody i<br>pi\u0105tki o godz. 19.00.<\/li><li>Za po\u015brednictwem Przemyskiej CARITAS zach\u0119camy do ja\u0142mu\u017cny wielkopostnej : mi\u00f3d jako wsparcie dla hospicj\u00f3w \u2013 10 z\u0142. oraz wielkanocne paschaliki w cenie 8 z\u0142.<\/li><li>Dzi\u0119kujemy parafianom z V klatki bloku nr 13 przy ul. Rogozi\u0144skiego za ofiary na sprz\u0105tanie \u015bwi\u0105tyni. Teraz prosimy o ofiary parafian z klatki VI bloku nr 13.<\/li><li>W czwartek \u015bwi\u0105teczne wspomnienie \u015bw. Kazimierza. Zach\u0119camy do lektury prasy katolickiej. Zar\u00f3wno Niedziela jak i Go\u015b\u0107 Niedzielny maj\u0105 specjalne wielkopostne cykle rozwa\u017ca\u0144. Przy okazji Niedzieli AD GENTES s\u0105 nowe numery Misyjnych Dr\u00f3g. Niech Pan b\u0142ogos\u0142awi drog\u0119 naszego nawr\u00f3cenia.<\/li><\/ol>\n","protected":false},"excerpt":{"rendered":"<p>OG\u0141OSZENIA DUSZPASTERSKIE Dzisiejsza niedziela misyjna AD GENTES jest Dniem Modlitwy, Solidarno\u015bci i\u00a0Postu z Misjonarzami oraz okazj\u0105 do wsparcia misji ofiarami zbieranymi po Mszy \u015bw.Po po\u0142udniu adoracja Naj\u015bwi\u0119tszego Sakramentu. O godz. 17.00 zapraszamy nanabo\u017ce\u0144stwo GORZKICH \u017bALI z kazaniem pasyjnym.W przysz\u0142\u0105 niedziel\u0119 po Gorzkich \u017balach zmiana tajemnic r\u00f3\u017ca\u0144cowych. W tym tygodniu pierwszy czwartek, pi\u0105tek i sobota miesi\u0105ca. &hellip; <\/p>\n<p class=\"link-more\"><a href=\"https:\/\/albert.przemyska.pl\/?p=886\" class=\"more-link\">Czytaj dalej<span class=\"screen-reader-text\"> \u201e2 NIEDZIELA WIELKIEGO POSTU 28.02.2021.\u201d<\/span><\/a><\/p>\n","protected":false},"author":1,"featured_media":887,"comment_status":"closed","ping_status":"closed","sticky":false,"template":"","format":"standard","meta":{"footnotes":""},"categories":[3],"tags":[],"class_list":["post-886","post","type-post","status-publish","format-standard","has-post-thumbnail","hentry","category-ogloszenia"],"_links":{"self":[{"href":"https:\/\/albert.przemyska.pl\/index.php?rest_route=\/wp\/v2\/posts\/886","targetHints":{"allow":["GET"]}}],"collection":[{"href":"https:\/\/albert.przemyska.pl\/index.php?rest_route=\/wp\/v2\/posts"}],"about":[{"href":"https:\/\/albert.przemyska.pl\/index.php?rest_route=\/wp\/v2\/types\/post"}],"author":[{"embeddable":true,"href":"https:\/\/albert.przemyska.pl\/index.php?rest_route=\/wp\/v2\/users\/1"}],"replies":[{"embeddable":true,"href":"https:\/\/albert.przemyska.pl\/index.php?rest_route=%2Fwp%2Fv2%2Fcomments&post=886"}],"version-history":[{"count":1,"href":"https:\/\/albert.przemyska.pl\/index.php?rest_route=\/wp\/v2\/posts\/886\/revisions"}],"predecessor-version":[{"id":888,"href":"https:\/\/albert.przemyska.pl\/index.php?rest_route=\/wp\/v2\/posts\/886\/revisions\/888"}],"wp:featuredmedia":[{"embeddable":true,"href":"https:\/\/albert.przemyska.pl\/index.php?rest_route=\/wp\/v2\/media\/887"}],"wp:attachment":[{"href":"https:\/\/albert.przemyska.pl\/index.php?rest_route=%2Fwp%2Fv2%2Fmedia&parent=886"}],"wp:term":[{"taxonomy":"category","embeddable":true,"href":"https:\/\/albert.przemyska.pl\/index.php?rest_route=%2Fwp%2Fv2%2Fcategories&post=886"},{"taxonomy":"post_tag","embeddable":true,"href":"https:\/\/albert.przemyska.pl\/index.php?rest_route=%2Fwp%2Fv2%2Ftags&post=886"}],"curies":[{"name":"wp","href":"https:\/\/api.w.org\/{rel}","templated":true}]}}