{"id":889,"date":"2021-03-07T20:08:24","date_gmt":"2021-03-07T19:08:24","guid":{"rendered":"https:\/\/albert.przemyska.pl\/?p=889"},"modified":"2021-03-07T20:08:24","modified_gmt":"2021-03-07T19:08:24","slug":"3-niedziela-wielkiego-postu-7-03-2021","status":"publish","type":"post","link":"https:\/\/albert.przemyska.pl\/?p=889","title":{"rendered":"3 NIEDZIELA WIELKIEGO POSTU 7.03.2021."},"content":{"rendered":"\n<p><strong><span class=\"has-inline-color has-vivid-purple-color\">OG\u0141OSZENIA DUSZPASTERSKIE<\/span><\/strong> <\/p>\n\n\n\n<p>1. Trwaj\u0105 nasze PARAFIALNE REKOLEKCJE WIELKOPOSTNE. Nauki rekolekcyjne b\u0119d\u0105 na wszystkich Mszach \u015bw. Natomiast po Mszach \u015bw. o godz. 10.00 i 11.30 b\u0119d\u0105 katechezy dla ma\u0142\u017conk\u00f3w i rodzic\u00f3w. Po po\u0142udniu adoracja Naj\u015bwi\u0119tszego sakramentu. O godz. 17.00 GORZKIE \u017bALE z rekolekcyjnym kazaniem pasyjnym. Po nabo\u017ce\u0144stwie zmiana tajemnic r\u00f3\u017ca\u0144cowych. Dzisiejsza taca przeznaczona jest na nasze Seminarium Duchowne w Przemy\u015blu.<\/p>\n\n\n\n<p>2. W PONIEDZIA\u0141EK od godz. 17.00 mo\u017cliwo\u015b\u0107 spowiedzi na zako\u0144czenie naszych rekolekcji. O godz. 18.00 Msza \u015bw. z nauk\u0105 i zako\u0144czenie parafialnych rekolekcji. Polecajmy w modlitwie ks. Marcina i pro\u015bmy o \u0142ask\u0119 przemiany serc dla naszej parafii.<\/p>\n\n\n\n<p>3. W pi\u0105tek DROGA KRZY\u017bOWA dla dzieci szkolnych o godz. 16.30; dla doros\u0142ych o godz. 17.30 i o godz. 19.30 dla m\u0142odzie\u017cy i pracuj\u0105cych. <\/p>\n\n\n\n<p>4. Od 8 marca przez 3 tygodnie w parafii na Kazanowie b\u0119d\u0105 g\u0142oszone KATECHEZY PRZEDMA\u0141\u017bE\u0143SKIE. Spotkania b\u0119d\u0105 w poniedzia\u0142ki, \u015brody i pi\u0105tki o godz. 19.00. <\/p>\n\n\n\n<p>5. Od \u015brody 10 marca rozpoczniemy nowenn\u0119 do \u015bw. J\u00f3zefa. Zapraszamy na modlitw\u0119 nowennow\u0105 do \u015bw. J\u00f3zefa w intencji naszych rodzin przed Msz\u0105 \u015bw. na godz. 17.45.<\/p>\n\n\n\n<p>6. Za po\u015brednictwem Przemyskiej CARITAS zach\u0119camy do ja\u0142mu\u017cny wielkopostnej [mi\u00f3d jako wsparcie dla hospicj\u00f3w \u2013 10 z\u0142. oraz wielkanocne paschaliki w cenie 8 z\u0142.]<\/p>\n\n\n\n<p>7. Dzi\u0119kujemy parafianom z VI klatki bloku nr 13 przy ul. Rogozi\u0144skiego za ofiary na sprz\u0105tanie \u015bwi\u0105tyni. Teraz prosimy o ofiary parafian z klatki VII bloku nr 13.<\/p>\n\n\n\n<p>8. Dyrekcja SZKO\u0141Y PODSTAWOWEJ NR 14 w Przemy\u015blu informuje, \u017ce zapisy dzieci do klas 1 na rok szkolny 2021\/22 rozpoczynaj\u0105 si\u0119 drog\u0105 elektroniczn\u0105 od 1 marca i potrwaj\u0105 do 22 marca 2021 r. Dodatkowe informacje o naborze mo\u017cna uzyska\u0107 w sekretariacie oraz na stronie internetowej naszej szko\u0142y. Tak\u017ce PRZEDSZKOLE Nr 7 przy ul. 22 stycznia 11 og\u0142asza nab\u00f3r na przysz\u0142y rok szkolny dla dzieci w wieku od 2,5 do 6 lat. Formularze zg\u0142oszeniowe mo\u017cna sk\u0142ada\u0107 drog\u0105 elektroniczn\u0105 lub osobi\u015bcie w sekretariacie Przedszkola<\/p>\n\n\n\n<p>9. Zach\u0119camy serdecznie do lektury prasy katolickiej &#8211; NIEDZIELI i GO\u015aCIA NIEDZIELNEGO. Za tydzie\u0144 specjalny numer Go\u015bcia po\u015bwi\u0119cony \u015bw. J\u00f3zefowi. Prze\u017cywajmy gorliwie czas Wielkiego Postu poprzez cz\u0119stszy udzia\u0142 w Eucharystii, Drodze Krzy\u017cowej, Gorzkich \u017balach oraz podejmowanie czyn\u00f3w pokutnych.<\/p>\n","protected":false},"excerpt":{"rendered":"<p>OG\u0141OSZENIA DUSZPASTERSKIE 1. Trwaj\u0105 nasze PARAFIALNE REKOLEKCJE WIELKOPOSTNE. Nauki rekolekcyjne b\u0119d\u0105 na wszystkich Mszach \u015bw. Natomiast po Mszach \u015bw. o godz. 10.00 i 11.30 b\u0119d\u0105 katechezy dla ma\u0142\u017conk\u00f3w i rodzic\u00f3w. Po po\u0142udniu adoracja Naj\u015bwi\u0119tszego sakramentu. O godz. 17.00 GORZKIE \u017bALE z rekolekcyjnym kazaniem pasyjnym. Po nabo\u017ce\u0144stwie zmiana tajemnic r\u00f3\u017ca\u0144cowych. Dzisiejsza taca przeznaczona jest na nasze &hellip; <\/p>\n<p class=\"link-more\"><a href=\"https:\/\/albert.przemyska.pl\/?p=889\" class=\"more-link\">Czytaj dalej<span class=\"screen-reader-text\"> \u201e3 NIEDZIELA WIELKIEGO POSTU 7.03.2021.\u201d<\/span><\/a><\/p>\n","protected":false},"author":1,"featured_media":890,"comment_status":"closed","ping_status":"closed","sticky":false,"template":"","format":"standard","meta":{"footnotes":""},"categories":[3],"tags":[],"class_list":["post-889","post","type-post","status-publish","format-standard","has-post-thumbnail","hentry","category-ogloszenia"],"_links":{"self":[{"href":"https:\/\/albert.przemyska.pl\/index.php?rest_route=\/wp\/v2\/posts\/889","targetHints":{"allow":["GET"]}}],"collection":[{"href":"https:\/\/albert.przemyska.pl\/index.php?rest_route=\/wp\/v2\/posts"}],"about":[{"href":"https:\/\/albert.przemyska.pl\/index.php?rest_route=\/wp\/v2\/types\/post"}],"author":[{"embeddable":true,"href":"https:\/\/albert.przemyska.pl\/index.php?rest_route=\/wp\/v2\/users\/1"}],"replies":[{"embeddable":true,"href":"https:\/\/albert.przemyska.pl\/index.php?rest_route=%2Fwp%2Fv2%2Fcomments&post=889"}],"version-history":[{"count":1,"href":"https:\/\/albert.przemyska.pl\/index.php?rest_route=\/wp\/v2\/posts\/889\/revisions"}],"predecessor-version":[{"id":891,"href":"https:\/\/albert.przemyska.pl\/index.php?rest_route=\/wp\/v2\/posts\/889\/revisions\/891"}],"wp:featuredmedia":[{"embeddable":true,"href":"https:\/\/albert.przemyska.pl\/index.php?rest_route=\/wp\/v2\/media\/890"}],"wp:attachment":[{"href":"https:\/\/albert.przemyska.pl\/index.php?rest_route=%2Fwp%2Fv2%2Fmedia&parent=889"}],"wp:term":[{"taxonomy":"category","embeddable":true,"href":"https:\/\/albert.przemyska.pl\/index.php?rest_route=%2Fwp%2Fv2%2Fcategories&post=889"},{"taxonomy":"post_tag","embeddable":true,"href":"https:\/\/albert.przemyska.pl\/index.php?rest_route=%2Fwp%2Fv2%2Ftags&post=889"}],"curies":[{"name":"wp","href":"https:\/\/api.w.org\/{rel}","templated":true}]}}