{"id":893,"date":"2021-03-14T15:36:12","date_gmt":"2021-03-14T14:36:12","guid":{"rendered":"https:\/\/albert.przemyska.pl\/?p=893"},"modified":"2021-03-14T15:36:12","modified_gmt":"2021-03-14T14:36:12","slug":"4-niedziela-wielkiego-postu-14-03-2021","status":"publish","type":"post","link":"https:\/\/albert.przemyska.pl\/?p=893","title":{"rendered":"4 NIEDZIELA WIELKIEGO POSTU 14.03.2021."},"content":{"rendered":"\n<p class=\"has-text-align-center has-vivid-purple-color has-text-color has-medium-font-size\"><strong>OG\u0141OSZENIA DUSZPASTERSKIE<\/strong><\/p>\n\n\n\n<ol class=\"wp-block-list\"><li>Po po\u0142udniu adoracja Naj\u015bwi\u0119tszego sakramentu. O godz. 17.00 GORZKIE \u017bALE z kazaniem pasyjnym. Sk\u0142adamy serdeczne podzi\u0119kowanie za sk\u0142adane dzisiejszej niedzieli ofiary na potrzeby parafii. Dzi\u0119kujemy tak\u017ce wszystkim darczy\u0144com, kt\u00f3rzy ofiary na utrzymanie parafii przesy\u0142aj\u0105 drog\u0105 internetow\u0105 na konto parafialne.<\/li><li>Trwamy na modlitewnej NOWENNIE DO \u015aW. J\u00d3ZEFA. Do pi\u0105tku zapraszamy na modlitw\u0119 nowennow\u0105 w intencjach naszych rodzin przed Msz\u0105 \u015bw. na godz. 17.45.<\/li><li>W pi\u0105tek uroczysto\u015b\u0107 \u015bw. J\u00f3zefa. To dzie\u0144 szczeg\u00f3lnej modlitwy za ojc\u00f3w. Jest to tak\u017ce dzie\u0144 imienin Abpa seniora J\u00f3zefa Michalika oraz Ojca \u015aw. seniora Benedykta.U Ksi\u0119\u017cy Salezjan\u00f3w uroczysto\u015bci odpustowe. Z racji uroczysto\u015bci nie obowi\u0105zuje w pi\u0105tek wstrzemi\u0119\u017aliwo\u015b\u0107 od pokarm\u00f3w mi\u0119snych.<\/li><li>W pi\u0105tek DROGA KRZY\u017bOWA dla dzieci szkolnych o godz. 16.30; dla doros\u0142ych o godz. 17.30, a o godz. 19.30 dla m\u0142odzie\u017cy i pracuj\u0105cych.<\/li><li>Za po\u015brednictwem Przemyskiej CARITAS bardzo serdecznie zach\u0119camy do ja\u0142mu\u017cny wielkopostnej [mi\u00f3d jako wsparcie Hospicjum w Przemy\u015blu \u2013 10 z\u0142. oraz wielkanocne paschaliki w cenie 8 z\u0142.]<\/li><li>Dyrekcja SZKO\u0141Y PODSTAWOWEJ NR 14 w Przemy\u015blu informuje, \u017ce zapisy dzieci do klas 1 na rok szkolny 2021\/22 rozpocz\u0119\u0142y si\u0119 drog\u0105 elektroniczn\u0105 od 1 marca i potrwaj\u0105 do 22 marca 2021 r. Dodatkowe informacje o naborze mo\u017cna uzyska\u0107 w sekretariacie oraz na stronie internetowej naszej szko\u0142y.<\/li><li>Tak\u017ce PRZEDSZKOLE Nr 7 przy ul. 22 stycznia 11 og\u0142asza nab\u00f3r na przysz\u0142y rok szkolny dla dzieci w wieku od 2,5 do 6 lat. Formularze zg\u0142oszeniowe mo\u017cna sk\u0142ada\u0107 drog\u0105 elektroniczn\u0105 lub osobi\u015bcie w sekretariacie Przedszkola<\/li><li>Dzi\u0119kujemy parafianom z VII klatki bloku nr 13 przy ul. Rogozi\u0144skiego za ofiary na sprz\u0105tanie \u015bwi\u0105tyni. Teraz prosimy o ofiary parafian z klatki VIII bloku nr 13.<\/li><li>Zach\u0119camy serdecznie do lektury prasy katolickiej &#8211; NIEDZIELI i GO\u015aCIA NIEDZIELNEGO. Za tydzie\u0144 specjalny numer Go\u015bcia po\u015bwi\u0119cony \u015bw. J\u00f3zefowi. Przypominamy nadal o zachowaniu wszelkich zalece\u0144 sanitarnych i \u015brodk\u00f3w ostro\u017cno\u015bci w zwi\u0105zku z panuj\u0105c\u0105 pandemi\u0105, tak w \u015bwi\u0105tyni podczas sprawowanych nabo\u017ce\u0144stw, jaki i poza ko\u015bcio\u0142em. Niech Bo\u017ce b\u0142ogos\u0142awie\u0144stwo umacnia nas na drodze przemiany naszego \u017cycia.<\/li><\/ol>\n","protected":false},"excerpt":{"rendered":"<p>OG\u0141OSZENIA DUSZPASTERSKIE Po po\u0142udniu adoracja Naj\u015bwi\u0119tszego sakramentu. O godz. 17.00 GORZKIE \u017bALE z kazaniem pasyjnym. Sk\u0142adamy serdeczne podzi\u0119kowanie za sk\u0142adane dzisiejszej niedzieli ofiary na potrzeby parafii. Dzi\u0119kujemy tak\u017ce wszystkim darczy\u0144com, kt\u00f3rzy ofiary na utrzymanie parafii przesy\u0142aj\u0105 drog\u0105 internetow\u0105 na konto parafialne. Trwamy na modlitewnej NOWENNIE DO \u015aW. J\u00d3ZEFA. Do pi\u0105tku zapraszamy na modlitw\u0119 nowennow\u0105 w &hellip; <\/p>\n<p class=\"link-more\"><a href=\"https:\/\/albert.przemyska.pl\/?p=893\" class=\"more-link\">Czytaj dalej<span class=\"screen-reader-text\"> \u201e4 NIEDZIELA WIELKIEGO POSTU 14.03.2021.\u201d<\/span><\/a><\/p>\n","protected":false},"author":1,"featured_media":894,"comment_status":"closed","ping_status":"closed","sticky":false,"template":"","format":"standard","meta":{"footnotes":""},"categories":[3],"tags":[],"class_list":["post-893","post","type-post","status-publish","format-standard","has-post-thumbnail","hentry","category-ogloszenia"],"_links":{"self":[{"href":"https:\/\/albert.przemyska.pl\/index.php?rest_route=\/wp\/v2\/posts\/893","targetHints":{"allow":["GET"]}}],"collection":[{"href":"https:\/\/albert.przemyska.pl\/index.php?rest_route=\/wp\/v2\/posts"}],"about":[{"href":"https:\/\/albert.przemyska.pl\/index.php?rest_route=\/wp\/v2\/types\/post"}],"author":[{"embeddable":true,"href":"https:\/\/albert.przemyska.pl\/index.php?rest_route=\/wp\/v2\/users\/1"}],"replies":[{"embeddable":true,"href":"https:\/\/albert.przemyska.pl\/index.php?rest_route=%2Fwp%2Fv2%2Fcomments&post=893"}],"version-history":[{"count":1,"href":"https:\/\/albert.przemyska.pl\/index.php?rest_route=\/wp\/v2\/posts\/893\/revisions"}],"predecessor-version":[{"id":895,"href":"https:\/\/albert.przemyska.pl\/index.php?rest_route=\/wp\/v2\/posts\/893\/revisions\/895"}],"wp:featuredmedia":[{"embeddable":true,"href":"https:\/\/albert.przemyska.pl\/index.php?rest_route=\/wp\/v2\/media\/894"}],"wp:attachment":[{"href":"https:\/\/albert.przemyska.pl\/index.php?rest_route=%2Fwp%2Fv2%2Fmedia&parent=893"}],"wp:term":[{"taxonomy":"category","embeddable":true,"href":"https:\/\/albert.przemyska.pl\/index.php?rest_route=%2Fwp%2Fv2%2Fcategories&post=893"},{"taxonomy":"post_tag","embeddable":true,"href":"https:\/\/albert.przemyska.pl\/index.php?rest_route=%2Fwp%2Fv2%2Ftags&post=893"}],"curies":[{"name":"wp","href":"https:\/\/api.w.org\/{rel}","templated":true}]}}