{"id":897,"date":"2021-03-28T13:36:45","date_gmt":"2021-03-28T11:36:45","guid":{"rendered":"https:\/\/albert.przemyska.pl\/?p=897"},"modified":"2021-03-28T13:36:45","modified_gmt":"2021-03-28T11:36:45","slug":"niedziela-palmowa-28-03-2021","status":"publish","type":"post","link":"https:\/\/albert.przemyska.pl\/?p=897","title":{"rendered":"NIEDZIELA PALMOWA 28.03.2021."},"content":{"rendered":"\n<p class=\"has-text-align-center has-vivid-purple-color has-text-color has-medium-font-size\"><strong>OG\u0141OSZENIA DUSZPASTERSKIE<\/strong><\/p>\n\n\n\n<ol class=\"wp-block-list\"><li>NIEDZIEL\u0104 M\u0118KI PA\u0143SKIEJ rozpoczynamy WIELKI TYDZIE\u0143, kt\u00f3ry wprowadza nas w prze\u017cywanie z wiar\u0105 \u015bwi\u0105t paschalnych. Po Mszy \u015bw. o godz. 15.30 adoracja Naj\u015bwi\u0119tszego Sakramentu. O godz. 17.00 GORZKIE \u017bALE z kazaniem pasyjnym.<\/li><li>W WIELKI PONIEDZIA\u0141EK parafialna SPOWIED\u0179 \u2013 przed po\u0142udniem: od 10.00 \u2013 12.00, po po\u0142udniu: 16.00 \u2013 19.30. W poniedzia\u0142ek od godz. 8.00 udamy si\u0119 do chorych ze spowiedzi\u0105 i Komuni\u0105 \u015bw. wielkanocn\u0105. Prosz\u0119 zg\u0142osi\u0107 tych, kt\u00f3rzy nie korzystaj\u0105 z pos\u0142ugi na pierwsze pi\u0105tki.<\/li><\/ol>\n\n\n\n<p class=\"has-text-align-center has-vivid-red-color has-text-color\"><strong>\u015aWI\u0118TE TRIDUUM PASCHALNE<\/strong><\/p>\n\n\n\n<ol class=\"wp-block-list\" start=\"4\"><li>W WIELKI CZWARTEK Msza \u015bw. Wieczerzy Pa\u0144skiej o godz. 18.00, a po niej adoracja Pana Jezusa w Ciemnicy do godz. 22.00. Ciemnica podobnie jak w roku poprzednim b\u0119dzie w<br>tabernakulum, natomiast Gr\u00f3b Pa\u0144ski b\u0119dzie w kaplicy ECCE HOMO. Od godz. 21.00 \u2013 22.00 adoracji przewodniczy wsp\u00f3lnota Oazowa Domowego Ko\u015bcio\u0142a.<\/li><li>W WIELKI PI\u0104TEK zapraszamy rano na godz. 9.00 na Gorzkie \u017bale oraz na Drog\u0119 Krzy\u017cow\u0105. W ci\u0105gu dnia zach\u0119camy do modlitewnego nawiedzenia ciemnicy i czuwania razem z Chrystusem cierpi\u0105cym. W Wielki Pi\u0105tek obowi\u0105zuje post \u015bcis\u0142y. O godz. 15.00 Koronka do Bo\u017cego Mi\u0142osierdzia i Droga Krzy\u017cowa w godzinie mi\u0142osierdzia. Plan adoracji dla R\u00f3\u017c R\u00f3\u017ca\u0144cowych i Akcji Katolickiej b\u0119dzie wywieszony w gablocie. O godz. 17.30 II cz\u0119\u015b\u0107 Gorzkich \u017bali i rozpocz\u0119cie nowenny do Bo\u017cego Mi\u0142osierdzia. LITURGIA KU CZCI M\u0118KI PA\u0143SKIEJ rozpocznie si\u0119 o godz. 18.00. Adoracja w Wielki Pi\u0105tek r\u00f3wnie\u017c do 22.00. Od godz. 21.00 na adoracj\u0119 zapraszamy m\u0142odzie\u017c.<\/li><li>WIELKA SOBOTA jest pami\u0105tk\u0105 spoczynku Pana w grobie. Niech ka\u017cdy znajdzie czas, aby z ca\u0142\u0105 rodzin\u0105 przyj\u015b\u0107 na adoracj\u0119 Krzy\u017ca i modlitw\u0119 przy grobie Chrystusa. W tym dniu nie ma obowi\u0105zku postu, ale zach\u0119camy do powstrzymania si\u0119 od spo\u017cywania mi\u0119sa. \u015aWI\u0118CENIE POKARM\u00d3W wielkanocnych w Wielk\u0105 Sobot\u0119 co godzin\u0119 od 9.00 do 15.00. Po\u015bwi\u0119cenie pokarm\u00f3w b\u0119dzie mia\u0142o miejsce przed \u015bwi\u0105tyni\u0105, aby zachowa\u0107 bezpiecze\u0144stwo.<\/li><li>LITURGIA WIGILII PASCHALNEJ rozpocznie si\u0119 o godz. 19.00. prosimy przynie\u015b\u0107 \u015bwiece zabezpieczone przed kapaniem wosku na posadzk\u0119. Po liturgii nie b\u0119dzie ju\u017c adoracji. REZUREKCJA o godz. 6.00 rano z procesj\u0105 wok\u00f3\u0142 ko\u015bcio\u0142a. W Niedziel\u0119 Zmartwychwstania nie b\u0119dzie Mszy \u015bw. o godz. 8.00 i 18.00. W poniedzia\u0142ek wielkanocny nie b\u0119dzie Mszy o 18.00. Zapraszamy dawnych lektor\u00f3w i ministrant\u00f3w do s\u0142u\u017cby przy o\u0142tarzu w czasie paschalnych liturgii.<\/li><li>Jak co roku Towarzystwo \u015aw. Brata Alberta prosi o sk\u0142adanie pokarm\u00f3w i wypiek\u00f3w na wielkanocny st\u00f3\u0142 do Schroniska dla Bezdomnych przy ul. Focha. Pami\u0119tajmy r\u00f3wnie\u017c o ubogich. Dzi\u0119kujemy parafianom z I klatki bloku nr 15 przy ul. Rogozi\u0144skiego za ofiary na sprz\u0105tanie i wystr\u00f3j \u015bwi\u0105tyni. Teraz prosimy o ofiary parafian z klatki II bloku nr 15.<\/li><li>GO\u015a\u0106 NIEDZIELNY i NIEDZIELA mog\u0105 nas dobrze przygotowa\u0107 do pe\u0142nego wiary prze\u017cycia najwi\u0119kszych tajemnic wiary celebrowanych w czasie \u015awi\u0105t Paschalnych. Zach\u0119camy do lektury. Przypominamy nadal o zachowaniu wszelkich zalece\u0144 sanitarnych i \u015brodk\u00f3w ostro\u017cno\u015bci w zwi\u0105zku z panuj\u0105c\u0105 pandemi\u0105, tak w \u015bwi\u0105tyni podczas sprawowanych nabo\u017ce\u0144stw, jaki i poza ko\u015bcio\u0142em. Wedle najnowszych ogranicze\u0144 sanitarnych w naszej \u015bwi\u0105tyni mo\u017ce uczestniczy\u0107 ok. 50 os\u00f3b w czasie Mszy \u015bw. Na czas prze\u017cywania misterium paschalnego przyjmijmy b\u0142ogos\u0142awie\u0144stwo.<\/li><\/ol>\n","protected":false},"excerpt":{"rendered":"<p>OG\u0141OSZENIA DUSZPASTERSKIE NIEDZIEL\u0104 M\u0118KI PA\u0143SKIEJ rozpoczynamy WIELKI TYDZIE\u0143, kt\u00f3ry wprowadza nas w prze\u017cywanie z wiar\u0105 \u015bwi\u0105t paschalnych. Po Mszy \u015bw. o godz. 15.30 adoracja Naj\u015bwi\u0119tszego Sakramentu. O godz. 17.00 GORZKIE \u017bALE z kazaniem pasyjnym. W WIELKI PONIEDZIA\u0141EK parafialna SPOWIED\u0179 \u2013 przed po\u0142udniem: od 10.00 \u2013 12.00, po po\u0142udniu: 16.00 \u2013 19.30. W poniedzia\u0142ek od godz. &hellip; <\/p>\n<p class=\"link-more\"><a href=\"https:\/\/albert.przemyska.pl\/?p=897\" class=\"more-link\">Czytaj dalej<span class=\"screen-reader-text\"> \u201eNIEDZIELA PALMOWA 28.03.2021.\u201d<\/span><\/a><\/p>\n","protected":false},"author":1,"featured_media":0,"comment_status":"closed","ping_status":"closed","sticky":false,"template":"","format":"standard","meta":{"footnotes":""},"categories":[3],"tags":[],"class_list":["post-897","post","type-post","status-publish","format-standard","hentry","category-ogloszenia"],"_links":{"self":[{"href":"https:\/\/albert.przemyska.pl\/index.php?rest_route=\/wp\/v2\/posts\/897","targetHints":{"allow":["GET"]}}],"collection":[{"href":"https:\/\/albert.przemyska.pl\/index.php?rest_route=\/wp\/v2\/posts"}],"about":[{"href":"https:\/\/albert.przemyska.pl\/index.php?rest_route=\/wp\/v2\/types\/post"}],"author":[{"embeddable":true,"href":"https:\/\/albert.przemyska.pl\/index.php?rest_route=\/wp\/v2\/users\/1"}],"replies":[{"embeddable":true,"href":"https:\/\/albert.przemyska.pl\/index.php?rest_route=%2Fwp%2Fv2%2Fcomments&post=897"}],"version-history":[{"count":1,"href":"https:\/\/albert.przemyska.pl\/index.php?rest_route=\/wp\/v2\/posts\/897\/revisions"}],"predecessor-version":[{"id":899,"href":"https:\/\/albert.przemyska.pl\/index.php?rest_route=\/wp\/v2\/posts\/897\/revisions\/899"}],"wp:attachment":[{"href":"https:\/\/albert.przemyska.pl\/index.php?rest_route=%2Fwp%2Fv2%2Fmedia&parent=897"}],"wp:term":[{"taxonomy":"category","embeddable":true,"href":"https:\/\/albert.przemyska.pl\/index.php?rest_route=%2Fwp%2Fv2%2Fcategories&post=897"},{"taxonomy":"post_tag","embeddable":true,"href":"https:\/\/albert.przemyska.pl\/index.php?rest_route=%2Fwp%2Fv2%2Ftags&post=897"}],"curies":[{"name":"wp","href":"https:\/\/api.w.org\/{rel}","templated":true}]}}