{"id":900,"date":"2021-04-04T09:57:59","date_gmt":"2021-04-04T07:57:59","guid":{"rendered":"https:\/\/albert.przemyska.pl\/?p=900"},"modified":"2021-04-04T09:57:59","modified_gmt":"2021-04-04T07:57:59","slug":"zmartwychwstanie-panskie-4-04-2021","status":"publish","type":"post","link":"https:\/\/albert.przemyska.pl\/?p=900","title":{"rendered":"ZMARTWYCHWSTANIE PA\u0143SKIE 4.04.2021."},"content":{"rendered":"\n<p class=\"has-text-align-center has-vivid-red-color has-text-color has-medium-font-size\"><strong>OG\u0141OSZENIA DUSZPASTERSKIE<\/strong><\/p>\n\n\n\n<ol class=\"wp-block-list\"><li>ZMARTWYCHWSTANIE PA\u0143SKIE jest radosn\u0105 celebracj\u0105 paschalnego zwyci\u0119stwa Chrystusa nad grzechem i \u015bmierci\u0105. Dzisiejsza niedziela otwiera w \u017cyciu Ko\u015bcio\u0142a okres paschalny, kt\u00f3ry b\u0119dzie trwa\u0142 a\u017c do Niedzieli Zes\u0142ania Ducha \u015awi\u0119tego. W dniu dzisiejszym mo\u017cna uzyska\u0107 odpust zupe\u0142ny za przyj\u0119cie w pobo\u017cnym usposobieniu przez radio lub telewizj\u0119 papieskiego b\u0142ogos\u0142awie\u0144stwa Urbi et Orbi. Msze \u015bw. dzisiaj jeszcze o godz. 10.00, 11.30 i 15.30 [nie b\u0119dzie Mszy \u015bw. o godz. 18.00!]<\/li><li>Jutro PONIEDZIA\u0141EK WIELKANOCNY, drugi dzie\u0144 \u015awi\u0105t Paschalnych \u2013 porz\u0105dek Mszy \u015bw. niedzielny: 8.00; 10.00; 11.30 i 15.30 [nie b\u0119dzie Mszy \u015bw. o godz. 18.00!]. Zach\u0119camy do prze\u017cywania tego \u015bwi\u0105tecznego czasu w gronie rodziny i bliskich.<\/li><li>Najbli\u017csza niedziela jest \u015aWI\u0118TEM BO\u017bEGO MI\u0141OSIERDZIA. Trwamy w nowennie do Bo\u017cego Mi\u0142osierdzia, dlatego codziennie po Mszy \u015bw. wieczornej b\u0119dziemy odmawia\u0107 Koronk\u0119 do Mi\u0142osierdzia Bo\u017cego. W Niedziel\u0119 Mi\u0142osierdzia zbi\u00f3rka do puszek na potrzeby diecezjalnej Caritas. W najbli\u017cszy pi\u0105tek z racji oktawy Wielkanocy, nie obowi\u0105zuje wstrzemi\u0119\u017aliwo\u015b\u0107 od pokarm\u00f3w mi\u0119snych. Od 12 kwietnia w naszej parafii rozpoczn\u0105 si\u0119 KATECHEZY PRZEDMAL\u017bE\u0143SKIE. Spotkania w poniedzia\u0142ki, \u015brody i pi\u0105tki o g.19.00.<\/li><li>Serdeczne dzi\u0119kujemy wszystkim, kt\u00f3rzy w jakikolwiek spos\u00f3b przyczynili si\u0119 do godnego i\u00a0podnios\u0142ego prze\u017cycia \u015awi\u0119tego Triduum Paschalnego. Szczeg\u00f3lnie dzi\u0119kuj\u0119 wikariuszom \u2013 ks. Piotrowi i Bartoszowi za przygotowanie liturgii Triduum Paschalnego oraz za pos\u0142ug\u0119 w konfesjonale. Szczere wyrazy wdzi\u0119czno\u015bci ks. Piotrowi za przygotowanie Ciemnicy i Bo\u017cego Grobu a tak\u017ce pani Anecie Kielar za udekorowanie \u015bwi\u0105tyni. Panu ko\u015bcielnemu Tomaszowi oraz lektorom za pomoc w przygotowaniu liturgii ca\u0142ego Triduum. Dzi\u0119kujemy w szczeg\u00f3lny spos\u00f3b organi\u015bcie panu Franciszkowi i ca\u0142ej S\u0142u\u017cbie Liturgicznej O\u0142tarza, a szczeg\u00f3lnie wszystkim adoruj\u0105cym Chrystusa w ciemnicy i przy Bo\u017cym Grobie.<\/li><li>Dzi\u0119kujemy parafianom z II klatki bloku nr 15 przy ul. Rogozi\u0144skiego za ofiary na sprz\u0105tanie i\u00a0wystr\u00f3j \u015bwi\u0105tyni. W tym tygodniu prosimy parafian z kl. III bloku nr 15. \u017bYCZENIA WIELKANOCNE \u201d Oto jest dzie\u0144, w kt\u00f3rym Pan nasz zmartwychwsta\u0142!\u201d<\/li><\/ol>\n\n\n\n<figure class=\"wp-block-image size-large\"><img loading=\"lazy\" decoding=\"async\" width=\"800\" height=\"601\" src=\"https:\/\/albert.przemyska.pl\/wp-content\/uploads\/2019\/04\/Zmartwychwstanie-flickr.jpg\" alt=\"\" class=\"wp-image-568\" srcset=\"https:\/\/albert.przemyska.pl\/wp-content\/uploads\/2019\/04\/Zmartwychwstanie-flickr.jpg 800w, https:\/\/albert.przemyska.pl\/wp-content\/uploads\/2019\/04\/Zmartwychwstanie-flickr-300x225.jpg 300w, https:\/\/albert.przemyska.pl\/wp-content\/uploads\/2019\/04\/Zmartwychwstanie-flickr-768x577.jpg 768w\" sizes=\"auto, (max-width: 767px) 89vw, (max-width: 1000px) 54vw, (max-width: 1071px) 543px, 580px\" \/><\/figure>\n\n\n\n<p>Wszystkim Drogim Parafianom i Szanownym Go\u015bciom, z okazji \u015awi\u0105t Wielkanocnych pragniemy \u017cyczy\u0107, aby ta radosna wie\u015b\u0107, kt\u00f3ra przez dwa tysi\u0105clecia rozbrzmiewa we wsp\u00f3lnocie tych, kt\u00f3rzy uwierzyli w Chrystusa, by\u0142a obecna tak\u017ce w waszych sercach. Niech tegoroczne \u015awi\u0119ta Wielkanocne wype\u0142ni\u0105 wasze \u017cycie t\u0105 autentyczn\u0105 rado\u015bci\u0105 i nadziej\u0105, kt\u00f3rej \u015bwiadkami oby\u015bcie byli tak\u017ce dla innych. Niech Zmartwychwsta\u0142y b\u0142ogos\u0142awi waszym rodzinom, przyjacio\u0142om i bliskim. Niech was obdarzy pokojem, kt\u00f3rego bardzo jeste\u015bmy spragnieni w trudnym czasie zmaga\u0144 ze skutkami pandemii. Niech wasze \u015awi\u0119ta Paschalne b\u0119d\u0105 radosne nadziej\u0105, \u017ce Pan zawsze jest po\u015br\u00f3d nas i opromienia nas nieustannie blaskiem swego zmartwychwstania. Niech Zmartwychwsta\u0142y b\u0142ogos\u0142awi ka\u017cdego z was, obdarza \u0142ask\u0105 i pokojem!<\/p>\n","protected":false},"excerpt":{"rendered":"<p>OG\u0141OSZENIA DUSZPASTERSKIE ZMARTWYCHWSTANIE PA\u0143SKIE jest radosn\u0105 celebracj\u0105 paschalnego zwyci\u0119stwa Chrystusa nad grzechem i \u015bmierci\u0105. Dzisiejsza niedziela otwiera w \u017cyciu Ko\u015bcio\u0142a okres paschalny, kt\u00f3ry b\u0119dzie trwa\u0142 a\u017c do Niedzieli Zes\u0142ania Ducha \u015awi\u0119tego. W dniu dzisiejszym mo\u017cna uzyska\u0107 odpust zupe\u0142ny za przyj\u0119cie w pobo\u017cnym usposobieniu przez radio lub telewizj\u0119 papieskiego b\u0142ogos\u0142awie\u0144stwa Urbi et Orbi. Msze \u015bw. dzisiaj &hellip; <\/p>\n<p class=\"link-more\"><a href=\"https:\/\/albert.przemyska.pl\/?p=900\" class=\"more-link\">Czytaj dalej<span class=\"screen-reader-text\"> \u201eZMARTWYCHWSTANIE PA\u0143SKIE 4.04.2021.\u201d<\/span><\/a><\/p>\n","protected":false},"author":1,"featured_media":0,"comment_status":"closed","ping_status":"closed","sticky":false,"template":"","format":"standard","meta":{"footnotes":""},"categories":[3],"tags":[],"class_list":["post-900","post","type-post","status-publish","format-standard","hentry","category-ogloszenia"],"_links":{"self":[{"href":"https:\/\/albert.przemyska.pl\/index.php?rest_route=\/wp\/v2\/posts\/900","targetHints":{"allow":["GET"]}}],"collection":[{"href":"https:\/\/albert.przemyska.pl\/index.php?rest_route=\/wp\/v2\/posts"}],"about":[{"href":"https:\/\/albert.przemyska.pl\/index.php?rest_route=\/wp\/v2\/types\/post"}],"author":[{"embeddable":true,"href":"https:\/\/albert.przemyska.pl\/index.php?rest_route=\/wp\/v2\/users\/1"}],"replies":[{"embeddable":true,"href":"https:\/\/albert.przemyska.pl\/index.php?rest_route=%2Fwp%2Fv2%2Fcomments&post=900"}],"version-history":[{"count":1,"href":"https:\/\/albert.przemyska.pl\/index.php?rest_route=\/wp\/v2\/posts\/900\/revisions"}],"predecessor-version":[{"id":902,"href":"https:\/\/albert.przemyska.pl\/index.php?rest_route=\/wp\/v2\/posts\/900\/revisions\/902"}],"wp:attachment":[{"href":"https:\/\/albert.przemyska.pl\/index.php?rest_route=%2Fwp%2Fv2%2Fmedia&parent=900"}],"wp:term":[{"taxonomy":"category","embeddable":true,"href":"https:\/\/albert.przemyska.pl\/index.php?rest_route=%2Fwp%2Fv2%2Fcategories&post=900"},{"taxonomy":"post_tag","embeddable":true,"href":"https:\/\/albert.przemyska.pl\/index.php?rest_route=%2Fwp%2Fv2%2Ftags&post=900"}],"curies":[{"name":"wp","href":"https:\/\/api.w.org\/{rel}","templated":true}]}}